{"id":26042,"date":"2023-08-31T16:51:51","date_gmt":"2023-08-31T19:51:51","guid":{"rendered":"https:\/\/chacosintesis.com.ar\/?p=26042"},"modified":"2023-08-31T17:07:00","modified_gmt":"2023-08-31T20:07:00","slug":"el-gobierno-entrego-tarjetas-a-cooperadoras-escolares","status":"publish","type":"post","link":"https:\/\/chacosintesis.com.ar\/index.php\/el-gobierno-entrego-tarjetas-a-cooperadoras-escolares\/","title":{"rendered":"El Gobierno entreg\u00f3 tarjetas a cooperadoras escolares"},"content":{"rendered":"<div class=\"postie-post\">Se trata de un aporte extraordinario que consiste en un fondo de asistencia de $50.000, a trav\u00e9s de Tarjetas Tuya Recargables Cooper.ar.<br \/>\nEsta ma\u00f1ana, en la E.E.S. N\u00b0 11 Lino Torres de Resistencia, el gobernador Jorge Milton Capitanich, junto al ministro de Educaci\u00f3n, Cultura, Ciencia y Tecnolog\u00eda de la provincia, Aldo Lineras; la subsecretaria de Educaci\u00f3n, Ludmilla Pellegrini y el director de Inclusi\u00f3n Educativa, Mariano Revuelta, encabezaron la entrega de tarjetas a cooperadoras escolares.<br \/>\nSe trata de un Aporte Extraordinario a Cooperadoras Escolares de la Provincia del Chaco, aprobado por Decreto N\u00b0 2130\/2023 del Poder Ejecutivo Provincial, que consiste en un fondo de asistencia extraordinaria de $50.000 a cooperadoras activas de la provincia, a trav\u00e9s de Tarjetas Tuya Recargables Cooper.ar.<br \/>\nEste beneficio alcanza a 506 cooperadoras que se encuentran ubicadas en todo el territorio provincial, de manera que, el monto total del aporte extraordinario asciende a $25.300.000. Se complementa con los aportes ya realizados a las cooperadoras por la L\u00ednea Nacional.<br \/>\nEn esta ocasi\u00f3n, el gobernador destac\u00f3 que \u201cexisten tres pilares en el dise\u00f1o, ejecuci\u00f3n y evaluaci\u00f3n de las pol\u00edticas p\u00fablicas\u201d. \u201cEl primer pilar tiene que ver con la infraestructura edilicia, tecnol\u00f3gica y operacional para llevar adelante las condiciones objetivas que se deben ejecutar; el segundo pilar, son los recursos humanos y el tercer punto central tiene que ver con la participaci\u00f3n comunitaria\u201d, detall\u00f3.<br \/>\n\u201cEs muy importante para todas las pol\u00edticas p\u00fablicas, porque finalmente es la participaci\u00f3n de la comunidad la que permite garantizar el cumplimiento de objetivos y metas, se\u00f1alar los desv\u00edos y proponer las alternativas de soluci\u00f3n\u201d, explic\u00f3 Capitanich.<br \/>\nEn este sentido, \u201cestamos trabajando para que del presupuesto 2024 en adelante tengamos tambi\u00e9n un fondo de mantenimiento y rehabilitaci\u00f3n, pero tambi\u00e9n a trav\u00e9s de las cooperadoras o a trav\u00e9s de los municipios\u201d, manifest\u00f3 el gobernador. \u201cTenemos que seguir trabajando para la inscripci\u00f3n en el Registro Nacional y el funcionamiento adecuado de las cooperadoras\u201d, agreg\u00f3.<br \/>\nAsimismo, Capitanich destac\u00f3: \u201cque bueno es que la comunidad educativa est\u00e9 activa e involucrada en el sostenimiento de la infraestructura de edificios escolares\u201d. \u201cAgradecemos mucho la participaci\u00f3n social y ciudadana, que es parte de un compromiso y una responsabilidad colectiva\u201d, expres\u00f3.<br \/>\nFinalmente, el gobernador felicit\u00f3 a las cooperadoras escolares \u201cpor el trabajo, por la solidaridad, por la participaci\u00f3n\u201d. \u201cCreemos que es posible pensar, hacia el futuro, en la consolidaci\u00f3n de las cooperadoras, no solamente a trav\u00e9s de este tipo de aportes, sino a trav\u00e9s de un r\u00e9gimen de automaticidad en la transferencia de fondos para programas de mantenimiento\u201d.<br \/>\nPor su parte el ministro Aldo Lineras expres\u00f3: \u201cEs un verdadero orgullo y una satisfacci\u00f3n poder haber dado cumplimiento al pedido del gobernador, de darle una prioridad muy fuerte a dos instituciones que acompa\u00f1an a la escuela y que forman parte de esa estructura, como lo son, los consejos escolares y las cooperadoras\u201d.<br \/>\nAsimismo, Lineras destac\u00f3 \u201clos desaf\u00edos que nos mueve a encarar este programa con la tarjeta tuya, con la posibilidad de destinar fondos exclusivamente para eso\u201d. \u201cEs una buena forma de iniciar para que despu\u00e9s podamos extenderlo a todo el sistema\u201d, remarc\u00f3.<br \/>\nEn esta ocasi\u00f3n, se hizo entrega de 184 tarjetas Tuya recargables a cooperadoras escolares de distintos establecimientos educativos de las Regionales: VI (La Leonesa, Puerto Eva Per\u00f3n, Puerto Bermejo, Las Palmas, General Vedia y la Isla del Cerrito), VII (Colonia Elisa, La Escondida, La Verde, Lapachito, Makall\u00e9, Laguna Blanca, Capit\u00e1n Solari, Colonias Unidas y Las Garcitas), XA (Zona sur\/este de Resistencia), XB (zona noreste de Resistencia) y XC (Barranqueras, Puerto Vilelas, Puerto Tirol, Fontana, Colonia Popular, Colonia Ben\u00edtez, Margarita Bel\u00e9n, Basail, Cotelai y Charadai).<br \/>\nCooperadoras escolares en Chaco<br \/>\nLas Cooperadoras Escolares en la Provincia del Chaco est\u00e1n bajo el control y la supervisi\u00f3n de la Direcci\u00f3n de Inclusi\u00f3n Educativa, dependiente de la Direcci\u00f3n General de Pol\u00edticas Socioeducativas e Igualdad de G\u00e9nero de la Subsecretar\u00eda de Educaci\u00f3n. La misma concibe a las Cooperadoras Escolares como espacios de democratizaci\u00f3n escolar mediante el fortalecimiento de su institucionalizaci\u00f3n y la promoci\u00f3n de la participaci\u00f3n de las familias y de la comunidad en el proyecto educativo institucional, como surge de los principios de la Ley Nacional de Cooperadoras Escolares N\u00b0 26.759 y la Ley Provincial N\u00b0 1239-E.<br \/>\nDesde la Direcci\u00f3n de Inclusi\u00f3n Educativa se propone la institucionalizaci\u00f3n de las cooperadoras escolares en los \u00e1mbitos educativos de todos los niveles y modalidades del Sistema Educativo Provincial, fortaleciendo las existentes y potenciando su creaci\u00f3n; promoviendo la participaci\u00f3n de las familias en las comunidades educativas, fortaleciendo as\u00ed a la escuela p\u00fablica.<br \/>\nActualmente, la provincia del Chaco cuenta con 920 cooperadoras debidamente registradas y reconocidas por el M.E.C.C.yT. y 573 comisiones directivas actualizadas.<\/div>\n","protected":false},"excerpt":{"rendered":"<p>Se trata de un aporte extraordinario que consiste en un fondo de asistencia de $50.000, a trav\u00e9s de Tarjetas Tuya Recargables Cooper.ar. Esta ma\u00f1ana, en la E.E.S. N\u00b0 11 Lino Torres de Resistencia, el gobernador Jorge Milton Capitanich, junto al ministro de Educaci\u00f3n, Cultura, Ciencia y Tecnolog\u00eda de la provincia, Aldo Lineras; la subsecretaria de [&hellip;]<\/p>\n","protected":false},"author":1,"featured_media":26043,"comment_status":"closed","ping_status":"closed","sticky":false,"template":"","format":"standard","meta":{"footnotes":""},"categories":[6],"tags":[],"class_list":{"0":"post-26042","1":"post","2":"type-post","3":"status-publish","4":"format-standard","5":"has-post-thumbnail","7":"category-chaco"},"_links":{"self":[{"href":"https:\/\/chacosintesis.com.ar\/index.php\/wp-json\/wp\/v2\/posts\/26042","targetHints":{"allow":["GET"]}}],"collection":[{"href":"https:\/\/chacosintesis.com.ar\/index.php\/wp-json\/wp\/v2\/posts"}],"about":[{"href":"https:\/\/chacosintesis.com.ar\/index.php\/wp-json\/wp\/v2\/types\/post"}],"author":[{"embeddable":true,"href":"https:\/\/chacosintesis.com.ar\/index.php\/wp-json\/wp\/v2\/users\/1"}],"replies":[{"embeddable":true,"href":"https:\/\/chacosintesis.com.ar\/index.php\/wp-json\/wp\/v2\/comments?post=26042"}],"version-history":[{"count":0,"href":"https:\/\/chacosintesis.com.ar\/index.php\/wp-json\/wp\/v2\/posts\/26042\/revisions"}],"wp:featuredmedia":[{"embeddable":true,"href":"https:\/\/chacosintesis.com.ar\/index.php\/wp-json\/wp\/v2\/media\/26043"}],"wp:attachment":[{"href":"https:\/\/chacosintesis.com.ar\/index.php\/wp-json\/wp\/v2\/media?parent=26042"}],"wp:term":[{"taxonomy":"category","embeddable":true,"href":"https:\/\/chacosintesis.com.ar\/index.php\/wp-json\/wp\/v2\/categories?post=26042"},{"taxonomy":"post_tag","embeddable":true,"href":"https:\/\/chacosintesis.com.ar\/index.php\/wp-json\/wp\/v2\/tags?post=26042"}],"curies":[{"name":"wp","href":"https:\/\/api.w.org\/{rel}","templated":true}]}}