{"id":26034,"date":"2023-08-31T16:39:28","date_gmt":"2023-08-31T19:39:28","guid":{"rendered":"https:\/\/chacosintesis.com.ar\/?p=26034"},"modified":"2023-08-31T17:06:37","modified_gmt":"2023-08-31T20:06:37","slug":"septiembre-inicia-con-pronostico-de-tormentas-fuertes","status":"publish","type":"post","link":"https:\/\/chacosintesis.com.ar\/index.php\/septiembre-inicia-con-pronostico-de-tormentas-fuertes\/","title":{"rendered":"Septiembre inicia con pron\u00f3stico de tormentas fuertes"},"content":{"rendered":"<div class=\"postie-post\">Vientos fuertes, leve descenso de temperatura y altos porcentajes de probabilidades de lluvia de diversa intensidad para los tres d\u00edas del fin de semana.<br \/>\nSeptiembre inicia pasado por agua con pron\u00f3stico de tormentas fuertes que llevar\u00e1n el viernes 1 y se mantendr\u00e1n hasta el domingo 3. Este jueves la jornada ser\u00e1 agradable: la temperatura m\u00ednima es de 15\u00ba y llegar\u00e1 a los 32\u00ba, en un d\u00eda de cielo mayormente nublado y vientos del cuadrante Este con r\u00e1fagas moderadas.<br \/>\nEl viernes 1 habr\u00e1 un leve descenso de temperatura: la m\u00ednima ser\u00e1 de 18\u00ba y la m\u00e1xima de 26\u00ba, en una jornada con tormentas de la ma\u00f1ana a la noche. Se prev\u00e9n vientos del Este y Noreste, con r\u00e1fagas que llegar\u00e1n hasta los 50 kil\u00f3metros por hora, as\u00ed que se recomienda precauci\u00f3n en la circulaci\u00f3n.<br \/>\nSeg\u00fan el Servicio Meteorol\u00f3gico Nacional (SMN), el s\u00e1bado 2 el d\u00eda se presentar\u00e1 con algunas variantes respecto del anterior: la m\u00e1xima ascender\u00e1 a 31\u00ba, con vientos del Este y la previsi\u00f3n de tormentas aisladas se mantendr\u00e1 todo el d\u00eda.<br \/>\nEl domingo 3 comenzar\u00e1 el descenso de temperatura, con poca amplitud t\u00e9rmica: de 16\u00ba a 19\u00ba, en un d\u00eda con baja probabilidad de tormentas aisladas, con vientos del Sur.<br \/>\nEl Servicio Meteorol\u00f3gico Nacional (SMN) anuncia una primera semana de septiembre con m\u00ednimas de 10\u00ba y 11\u00ba, marcando un invierno que todav\u00eda no se quiere ir.<\/div>\n","protected":false},"excerpt":{"rendered":"<p>Vientos fuertes, leve descenso de temperatura y altos porcentajes de probabilidades de lluvia de diversa intensidad para los tres d\u00edas del fin de semana. Septiembre inicia pasado por agua con pron\u00f3stico de tormentas fuertes que llevar\u00e1n el viernes 1 y se mantendr\u00e1n hasta el domingo 3. Este jueves la jornada ser\u00e1 agradable: la temperatura m\u00ednima [&hellip;]<\/p>\n","protected":false},"author":1,"featured_media":26035,"comment_status":"closed","ping_status":"closed","sticky":false,"template":"","format":"standard","meta":{"footnotes":""},"categories":[6],"tags":[],"class_list":{"0":"post-26034","1":"post","2":"type-post","3":"status-publish","4":"format-standard","5":"has-post-thumbnail","7":"category-chaco"},"_links":{"self":[{"href":"https:\/\/chacosintesis.com.ar\/index.php\/wp-json\/wp\/v2\/posts\/26034","targetHints":{"allow":["GET"]}}],"collection":[{"href":"https:\/\/chacosintesis.com.ar\/index.php\/wp-json\/wp\/v2\/posts"}],"about":[{"href":"https:\/\/chacosintesis.com.ar\/index.php\/wp-json\/wp\/v2\/types\/post"}],"author":[{"embeddable":true,"href":"https:\/\/chacosintesis.com.ar\/index.php\/wp-json\/wp\/v2\/users\/1"}],"replies":[{"embeddable":true,"href":"https:\/\/chacosintesis.com.ar\/index.php\/wp-json\/wp\/v2\/comments?post=26034"}],"version-history":[{"count":0,"href":"https:\/\/chacosintesis.com.ar\/index.php\/wp-json\/wp\/v2\/posts\/26034\/revisions"}],"wp:featuredmedia":[{"embeddable":true,"href":"https:\/\/chacosintesis.com.ar\/index.php\/wp-json\/wp\/v2\/media\/26035"}],"wp:attachment":[{"href":"https:\/\/chacosintesis.com.ar\/index.php\/wp-json\/wp\/v2\/media?parent=26034"}],"wp:term":[{"taxonomy":"category","embeddable":true,"href":"https:\/\/chacosintesis.com.ar\/index.php\/wp-json\/wp\/v2\/categories?post=26034"},{"taxonomy":"post_tag","embeddable":true,"href":"https:\/\/chacosintesis.com.ar\/index.php\/wp-json\/wp\/v2\/tags?post=26034"}],"curies":[{"name":"wp","href":"https:\/\/api.w.org\/{rel}","templated":true}]}}