{"id":26014,"date":"2023-08-31T15:17:49","date_gmt":"2023-08-31T18:17:49","guid":{"rendered":"https:\/\/chacosintesis.com.ar\/?p=26014"},"modified":"2023-08-31T15:37:30","modified_gmt":"2023-08-31T18:37:30","slug":"capitanich-seguiremos-apostando-a-un-debate-abierto-en-defensa-de-la-educacion-publica","status":"publish","type":"post","link":"https:\/\/chacosintesis.com.ar\/index.php\/capitanich-seguiremos-apostando-a-un-debate-abierto-en-defensa-de-la-educacion-publica\/","title":{"rendered":"Capitanich: \u201cSeguiremos apostando a un debate abierto en defensa de la educaci\u00f3n p\u00fablica\u201d"},"content":{"rendered":"<div class=\"postie-post\">En una asamblea con estudiantes, investigadores y profesores universitarios, el gobernador remarc\u00f3 el rol preponderante de la universidad p\u00fablica para promover la transformaci\u00f3n social y la importancia de asegurar su financiamiento estatal.<br \/>\nEl gobernador Jorge Capitanich celebr\u00f3 este mi\u00e9rcoles una reuni\u00f3n con estudiantes, investigadores y profesores universitarios de la provincia para habilitar un espacio de di\u00e1logo y facilitar as\u00ed la construcci\u00f3n colectiva de pol\u00edticas p\u00fablicas de acompa\u00f1amiento para la investigaci\u00f3n. \u201cSomos parte de una generaci\u00f3n que valoramos, propiciamos y aspiramos a los principios de asegurar la educaci\u00f3n p\u00fablica\u201d, afirm\u00f3 el mandatario. La asamblea se realiz\u00f3 en el sal\u00f3n de la reforma de la Facultad de Ingenier\u00eda de la UNNE, donde funcionarios del Gobierno, representantes universitarios y alumnos charlaron sobre el papel de la educaci\u00f3n p\u00fablica y de la investigaci\u00f3n, los logros obtenidos para promover la transformaci\u00f3n social y los objetivos a futuro en base a trabajos acad\u00e9micos de renombre. En este sentido, Capitanich hizo hincapi\u00e9 en el rol preponderante de la universidad p\u00fablica y en la importancia de asegurar el financiamiento estatal para su crecimiento. \u201cLa educaci\u00f3n debe aspirar a tener una mayor asignaci\u00f3n de recursos, por eso es muy importante seguir generando las condiciones de debate para lograr una mayor inclusi\u00f3n, equidad y gratuidad\u201d, se\u00f1al\u00f3 el mandatario. Adem\u00e1s, el gobernador, que estuvo acompa\u00f1ado por los ministros de Planificaci\u00f3n, Econom\u00eda e Infraestructura, Santiago Perez Pons, y de Educaci\u00f3n, Aldo Lineras, asegur\u00f3 que \u201cseguiremos apostando al desarrollo cient\u00edfico-tecnol\u00f3gico, la investigaci\u00f3n aplicada y a un debate abierto para la defensa ineludible de la educaci\u00f3n p\u00fablica\u201d. A su vez, uno de los alumnos que particip\u00f3 de la reuni\u00f3n, Javier Villalva, destac\u00f3 la predisposici\u00f3n del gobernador \u201ca acercarse a nosotros los alumnos, para conocer nuestra realidad y nuestras falencias. Tuve la oportunidad de acercarle propuestas y tambi\u00e9n invitarlo al albergue de estudiantes de Resistencia, para que sea tambi\u00e9n un impulso para j\u00f3venes que vienen desde muy lejos a estudiar a esta ciudad\u201d. Estuvieron presentes durante el encuentro el Vicerrector de la UNNE, Jos\u00e9 Basterra; el Decano de la Facultad de Ingenier\u00eda, Mario De Bortoli; la Vicedecana de la Facultad de Humanidades de la UNNE, Anal\u00eda Garc\u00eda. Finalmente, la estudiante de la Facultad de Arquitectura, Daiana Cherey, resalt\u00f3 \u201cla vinculaci\u00f3n que hay entre el gobernador y la universidad, que nos ha permitido contar con herramientas \u00fatiles para todos los alumnos y alumnas. Porque si bien la universidad es gratuita, el permanecer es sumamente complicado. Y por eso este tipo de encuentros son s\u00faper enriquecedores, escuchando experiencias que nos sirven para seguir progresando\u201d.<\/div>\n","protected":false},"excerpt":{"rendered":"<p>En una asamblea con estudiantes, investigadores y profesores universitarios, el gobernador remarc\u00f3 el rol preponderante de la universidad p\u00fablica para promover la transformaci\u00f3n social y la importancia de asegurar su financiamiento estatal. El gobernador Jorge Capitanich celebr\u00f3 este mi\u00e9rcoles una reuni\u00f3n con estudiantes, investigadores y profesores universitarios de la provincia para habilitar un espacio de [&hellip;]<\/p>\n","protected":false},"author":1,"featured_media":26015,"comment_status":"closed","ping_status":"closed","sticky":false,"template":"","format":"standard","meta":{"footnotes":""},"categories":[6],"tags":[],"class_list":{"0":"post-26014","1":"post","2":"type-post","3":"status-publish","4":"format-standard","5":"has-post-thumbnail","7":"category-chaco"},"_links":{"self":[{"href":"https:\/\/chacosintesis.com.ar\/index.php\/wp-json\/wp\/v2\/posts\/26014","targetHints":{"allow":["GET"]}}],"collection":[{"href":"https:\/\/chacosintesis.com.ar\/index.php\/wp-json\/wp\/v2\/posts"}],"about":[{"href":"https:\/\/chacosintesis.com.ar\/index.php\/wp-json\/wp\/v2\/types\/post"}],"author":[{"embeddable":true,"href":"https:\/\/chacosintesis.com.ar\/index.php\/wp-json\/wp\/v2\/users\/1"}],"replies":[{"embeddable":true,"href":"https:\/\/chacosintesis.com.ar\/index.php\/wp-json\/wp\/v2\/comments?post=26014"}],"version-history":[{"count":0,"href":"https:\/\/chacosintesis.com.ar\/index.php\/wp-json\/wp\/v2\/posts\/26014\/revisions"}],"wp:featuredmedia":[{"embeddable":true,"href":"https:\/\/chacosintesis.com.ar\/index.php\/wp-json\/wp\/v2\/media\/26015"}],"wp:attachment":[{"href":"https:\/\/chacosintesis.com.ar\/index.php\/wp-json\/wp\/v2\/media?parent=26014"}],"wp:term":[{"taxonomy":"category","embeddable":true,"href":"https:\/\/chacosintesis.com.ar\/index.php\/wp-json\/wp\/v2\/categories?post=26014"},{"taxonomy":"post_tag","embeddable":true,"href":"https:\/\/chacosintesis.com.ar\/index.php\/wp-json\/wp\/v2\/tags?post=26014"}],"curies":[{"name":"wp","href":"https:\/\/api.w.org\/{rel}","templated":true}]}}