{"id":26008,"date":"2023-08-31T13:33:36","date_gmt":"2023-08-31T16:33:36","guid":{"rendered":"https:\/\/chacosintesis.com.ar\/?p=26008"},"modified":"2023-08-31T14:06:48","modified_gmt":"2023-08-31T17:06:48","slug":"debate-preelectoral-chaco-orden-de-atriles-presentacion-y-exposicion-de-los-candidatos","status":"publish","type":"post","link":"https:\/\/chacosintesis.com.ar\/index.php\/debate-preelectoral-chaco-orden-de-atriles-presentacion-y-exposicion-de-los-candidatos\/","title":{"rendered":"Debate preelectoral Chaco: orden de atriles, presentaci\u00f3n y exposici\u00f3n de los candidatos"},"content":{"rendered":"<div class=\"postie-post\">El Tribunal Electoral del Chaco sorte\u00f3 el orden en que se desarrollar\u00e1n las instancias de los debates electorales previstos para candidatos a diputados y gobernador en Resistencia el 4 y 5 de septiembre, respectivamente.<br \/>\n El debate se desarrollar\u00e1 en el Sal\u00f3n Casablanca Gala de Resistencia, los d\u00edas lunes 4 y martes 5 de septiembre. Con transmisi\u00f3n en vivo a trav\u00e9s de Canal 9 a partir de las 20:00 horas.<br \/>\n La moderaci\u00f3n de los debates para candidatos a gobernador estar\u00e1 a cargo del periodista Pedro C\u00e1ceres, mientras que el periodista Fabio Rodriguez ser\u00e1 el moderador de los debates de candidatos a diputados. Desde las 20:00 horas habr\u00e1 transmisi\u00f3n con la \u201cPrevia del Debate\u201d con la conducci\u00f3n de los periodistas Jos\u00e9 Novo y Denis Oziel.<br \/>\n Lunes 04 de septiembre: Debate de candidatos a diputados<br \/>\n En el debate, presentar\u00e1n sus ideas y propuestas para gobernar, los candidatos al cargo en el poder ejecutivo provincial, Jorge Capitanich (Frente Chaque\u00f1o), Leandro Zdero (Juntos por el Cambio) y Gustavo Mart\u00ednez (Corriente de Expresi\u00f3n Renovada).<br \/>\n En el debate de candidatos a diputados provinciales en Resistencia el 4 de septiembre los atriles ser\u00e1n ocupados en el siguiente orden: 1. Perez Pons, 2. Gy\u00f6ker, 3. Romero, 4. Parra Moreno. El orden de incorporaci\u00f3n al set, presentaci\u00f3n inicial a cargo del moderador y presentaci\u00f3n propia de cada candidato ser\u00e1: Romero, Gy\u00f6ker, Parra Moreno y Perez Pons.<br \/>\n Habr\u00e1 cuatro bloques tem\u00e1ticos y sus correspondientes r\u00e9plicas:<br \/>\n Empleo y promoci\u00f3n social.<br \/>\nEducaci\u00f3n y salud.<br \/>\nServicios p\u00fablicos e infraestructura, desarrollo urbano y vivienda.<br \/>\nTem\u00e1tica abierta: tres preguntas de redes, tel\u00e9fonos y otros.<br \/>\n Luego tendr\u00e1n su espacio para el cierre.<br \/>\n El orden de exposici\u00f3n ser\u00e1:<br \/>\n Bloque 1: Gy\u00f6ker, Romero, Parra Moreno y Perez Pons.<br \/>\nBloque 2: Romero, Parra Moreno, Perez Pons y Gy\u00f6ker.<br \/>\nBloque 3: Parra Moreno, Perez Pons, Gy\u00f6ker y Romero.<br \/>\nBloque 4: Perez Pons, Gy\u00f6ker, Romero y Parra Moreno<br \/>\nCierre: Gy\u00f6ker, Romero, Parra Moreno y Perez Pons.<\/p>\n<p>Martes 05 de septiembre: Debate de candidatos a gobernador<br \/>\n En el debate de candidatos a gobernador del 05 de septiembre los atriles ser\u00e1n ocupados en el siguiente orden: 1. Zdero, 2. Mart\u00ednez, 3. Capitanich. El orden de incorporaci\u00f3n al set, presentaci\u00f3n inicial a cargo del moderador y presentaci\u00f3n propia de cada candidato ser\u00e1: Capitanich, Mart\u00ednez, Zdero<br \/>\n Los bloques tem\u00e1ticos ser\u00e1n:<br \/>\n Empleo y promoci\u00f3n social.<br \/>\nEducaci\u00f3n y salud.<br \/>\nServicios p\u00fablicos e infraestructura, desarrollo urbano y vivienda.<br \/>\nTem\u00e1tica abierta: tres preguntas de redes, tel\u00e9fonos y otros.<br \/>\n El orden de exposici\u00f3n ser\u00e1:<br \/>\n Bloque 1: Capitanich, Mart\u00ednez y Zdero,<br \/>\nBloque 2: Mart\u00ednez, Zdero y Capitanich.<br \/>\nBloque 3: Zdero, Capitanich y Mart\u00ednez.<br \/>\nBloque 4: Capitanich, Mart\u00ednez y Zdero<br \/>\nCierre: Mart\u00ednez, Zdero y Capitanich.<\/p>\n<p>Asistencia de p\u00fablico y\/o periodistas<br \/>\n Cada uno de los candidatos podr\u00e1 estar acompa\u00f1ado por un m\u00e1ximo de seis (6) personas en calidad de asesores, los cuales deber\u00e1n contar con acreditaci\u00f3n del Tribunal Electoral. Los presentes, no tendr\u00e1n permitido filmar y tampoco est\u00e1 permitido que se emitan videos, audios o se realicen comentarios durante el debate.<br \/>\n Los periodistas que deseen cubrir el evento podr\u00e1n estar presentes con la debida acreditaci\u00f3n, la cual deber\u00e1 realizarse hasta 48 horas antes de cada uno de los debates. Las acreditaciones deben realizarse en el siguiente formulario: <a href=\"https:\/\/forms.gle\/SzboC5FveexHHKvEA\">forms.gle\/SzboC5FveexHHKvEA<\/a><br \/>\n Se recuerda que es obligatoria la acreditaci\u00f3n para periodistas que deseen realizar la cobertura de El Debate como as\u00ed tambi\u00e9n la de equipo asesor de cada candidato. Las acreditaciones las valida el Tribunal Electoral.<\/div>\n","protected":false},"excerpt":{"rendered":"<p>El Tribunal Electoral del Chaco sorte\u00f3 el orden en que se desarrollar\u00e1n las instancias de los debates electorales previstos para candidatos a diputados y gobernador en Resistencia el 4 y 5 de septiembre, respectivamente. El debate se desarrollar\u00e1 en el Sal\u00f3n Casablanca Gala de Resistencia, los d\u00edas lunes 4 y martes 5 de septiembre. Con [&hellip;]<\/p>\n","protected":false},"author":1,"featured_media":26009,"comment_status":"closed","ping_status":"closed","sticky":false,"template":"","format":"standard","meta":{"footnotes":""},"categories":[6],"tags":[],"class_list":{"0":"post-26008","1":"post","2":"type-post","3":"status-publish","4":"format-standard","5":"has-post-thumbnail","7":"category-chaco"},"_links":{"self":[{"href":"https:\/\/chacosintesis.com.ar\/index.php\/wp-json\/wp\/v2\/posts\/26008","targetHints":{"allow":["GET"]}}],"collection":[{"href":"https:\/\/chacosintesis.com.ar\/index.php\/wp-json\/wp\/v2\/posts"}],"about":[{"href":"https:\/\/chacosintesis.com.ar\/index.php\/wp-json\/wp\/v2\/types\/post"}],"author":[{"embeddable":true,"href":"https:\/\/chacosintesis.com.ar\/index.php\/wp-json\/wp\/v2\/users\/1"}],"replies":[{"embeddable":true,"href":"https:\/\/chacosintesis.com.ar\/index.php\/wp-json\/wp\/v2\/comments?post=26008"}],"version-history":[{"count":0,"href":"https:\/\/chacosintesis.com.ar\/index.php\/wp-json\/wp\/v2\/posts\/26008\/revisions"}],"wp:featuredmedia":[{"embeddable":true,"href":"https:\/\/chacosintesis.com.ar\/index.php\/wp-json\/wp\/v2\/media\/26009"}],"wp:attachment":[{"href":"https:\/\/chacosintesis.com.ar\/index.php\/wp-json\/wp\/v2\/media?parent=26008"}],"wp:term":[{"taxonomy":"category","embeddable":true,"href":"https:\/\/chacosintesis.com.ar\/index.php\/wp-json\/wp\/v2\/categories?post=26008"},{"taxonomy":"post_tag","embeddable":true,"href":"https:\/\/chacosintesis.com.ar\/index.php\/wp-json\/wp\/v2\/tags?post=26008"}],"curies":[{"name":"wp","href":"https:\/\/api.w.org\/{rel}","templated":true}]}}