{"id":259584,"date":"2026-08-22T11:30:00","date_gmt":"2026-08-22T14:30:00","guid":{"rendered":"https:\/\/chacosintesis.com.ar\/?p=259584"},"modified":"2026-08-24T19:29:02","modified_gmt":"2026-08-24T22:29:02","slug":"saenz-pena-el-municipio-inauguro-el-area-de-campamentos-educativos-en-el-parque-sur-del-complejo-ecologico-municipal","status":"publish","type":"post","link":"https:\/\/chacosintesis.com.ar\/index.php\/saenz-pena-el-municipio-inauguro-el-area-de-campamentos-educativos-en-el-parque-sur-del-complejo-ecologico-municipal\/","title":{"rendered":"S\u00e1enz Pe\u00f1a: El Municipio inaugur\u00f3 el \u00c1rea de Campamentos Educativos en el Parque Sur del Complejo Ecol\u00f3gico Municipal"},"content":{"rendered":"\n<p class=\"wp-block-paragraph\">El nuevo espacio del Complejo Ecol\u00f3gico Municipal cuenta con infraestructura especialmente dise\u00f1ada para recibir delegaciones y desarrollar actividades educativas, recreativas y de convivencia en contacto con la naturaleza.<\/p>\n\n\n\n<p class=\"wp-block-paragraph\">En una jornada que reuni\u00f3 a autoridades municipales, integrantes del Club Conquistadores Entheos de la Iglesia Adventista del S\u00e9ptimo D\u00eda y familias, se inaugur\u00f3 el \u00c1rea de Campamentos Educativos del Parque Sur, un nuevo espacio que ampl\u00eda las posibilidades de uso del Complejo Ecol\u00f3gico Municipal.<\/p>\n\n\n\n<p class=\"wp-block-paragraph\">La actividad cont\u00f3 con la presencia del intendente Bruno Cipolini, el subsecretario del Complejo Ecol\u00f3gico Municipal, Jorge Garc\u00eda, el diputado nacional Gerardo Cipolini, el diputado provincial Edgardo Reguera, concejales, integrantes del Gabinete Ejecutivo Municipal, coordinadores y miembros del Club Conquistadores Entheos.<\/p>\n\n\n\n<figure class=\"wp-block-image size-full\"><img loading=\"lazy\" loading=\"lazy\" decoding=\"async\" width=\"1600\" height=\"900\" src=\"https:\/\/chacosintesis.com.ar\/wp-content\/uploads\/2026\/08\/WhatsApp-Image-2026-08-22-at-11.08.41-1.jpeg\" alt=\"\" class=\"wp-image-259587\" srcset=\"https:\/\/chacosintesis.com.ar\/wp-content\/uploads\/2026\/08\/WhatsApp-Image-2026-08-22-at-11.08.41-1.jpeg 1600w, https:\/\/chacosintesis.com.ar\/wp-content\/uploads\/2026\/08\/WhatsApp-Image-2026-08-22-at-11.08.41-1-768x432.jpeg 768w, https:\/\/chacosintesis.com.ar\/wp-content\/uploads\/2026\/08\/WhatsApp-Image-2026-08-22-at-11.08.41-1-1536x864.jpeg 1536w, https:\/\/chacosintesis.com.ar\/wp-content\/uploads\/2026\/08\/WhatsApp-Image-2026-08-22-at-11.08.41-1-860x484.jpeg 860w\" sizes=\"auto, (max-width: 1600px) 100vw, 1600px\" \/><\/figure>\n\n\n\n<p class=\"wp-block-paragraph\">Un espacio pensado para aprender, compartir y disfrutar<\/p>\n\n\n\n<p class=\"wp-block-paragraph\">El \u00c1rea de Campamentos Educativos fue concebida para generar oportunidades de encuentro, convivencia, aprendizaje y contacto directo con la naturaleza, ofreciendo infraestructura preparada para recibir delegaciones y desarrollar campamentos educativos.<\/p>\n\n\n\n<p class=\"wp-block-paragraph\">El nuevo sector dispone de cuatro paradores cubiertos de 120 metros cuadrados cada uno, equipados con mesadas, bancos, energ\u00eda el\u00e9ctrica, ventiladores, freezer, piletas con agua potable, parrillas y cocina a le\u00f1a.<\/p>\n\n\n\n<p class=\"wp-block-paragraph\">Tambi\u00e9n cuenta con un n\u00facleo sanitario para damas y caballeros, con ba\u00f1os y duchas de agua fr\u00eda y caliente, incluyendo instalaciones adecuadas para personas con discapacidad.<\/p>\n\n\n\n<p class=\"wp-block-paragraph\">A esto se suma un play\u00f3n deportivo cubierto de 17 por 35 metros, un sector al aire libre destinado al \u00e1rea de fog\u00f3n, iluminaci\u00f3n y una joven arboleda que acompa\u00f1a las actividades campamentiles.<\/p>\n\n\n\n<p class=\"wp-block-paragraph\">El espacio se encuentra emplazado dentro del Parque Sur, en un entorno natural que incluye un lago artificial de m\u00e1s de 2.400 metros de per\u00edmetro, completamente vallado, y una reserva estricta ubicada hacia el este, donde distintas especies de flora y fauna nativa viven en libertad.<\/p>\n\n\n\n<p class=\"wp-block-paragraph\">Durante el acto, el intendente Bruno Cipolini destac\u00f3 el trabajo realizado para fortalecer el Complejo Ecol\u00f3gico Municipal y remarc\u00f3 la importancia de seguir generando espacios destinados a la educaci\u00f3n, el encuentro y el desarrollo de la ciudad.<\/p>\n\n\n\n<figure class=\"wp-block-image size-full\"><img loading=\"lazy\" loading=\"lazy\" decoding=\"async\" width=\"1500\" height=\"1000\" src=\"https:\/\/chacosintesis.com.ar\/wp-content\/uploads\/2026\/08\/WhatsApp-Image-2026-08-22-at-11.08.48-1.jpeg\" alt=\"\" class=\"wp-image-259585\" srcset=\"https:\/\/chacosintesis.com.ar\/wp-content\/uploads\/2026\/08\/WhatsApp-Image-2026-08-22-at-11.08.48-1.jpeg 1500w, https:\/\/chacosintesis.com.ar\/wp-content\/uploads\/2026\/08\/WhatsApp-Image-2026-08-22-at-11.08.48-1-768x512.jpeg 768w, https:\/\/chacosintesis.com.ar\/wp-content\/uploads\/2026\/08\/WhatsApp-Image-2026-08-22-at-11.08.48-1-330x220.jpeg 330w, https:\/\/chacosintesis.com.ar\/wp-content\/uploads\/2026\/08\/WhatsApp-Image-2026-08-22-at-11.08.48-1-420x280.jpeg 420w, https:\/\/chacosintesis.com.ar\/wp-content\/uploads\/2026\/08\/WhatsApp-Image-2026-08-22-at-11.08.48-1-615x410.jpeg 615w, https:\/\/chacosintesis.com.ar\/wp-content\/uploads\/2026\/08\/WhatsApp-Image-2026-08-22-at-11.08.48-1-860x573.jpeg 860w\" sizes=\"auto, (max-width: 1500px) 100vw, 1500px\" \/><\/figure>\n\n\n\n<p class=\"wp-block-paragraph\">\u201cEstamos comprometidos con el desarrollo de este complejo como alternativa para los m\u00e1s chiquitos, como alternativa de encuentro, no solo para los vecinos de Presidencia Roque S\u00e1enz Pe\u00f1a, sino tambi\u00e9n como un punto de encuentro regional\u201d, expres\u00f3.<\/p>\n\n\n\n<p class=\"wp-block-paragraph\">En este sentido, valor\u00f3 las caracter\u00edsticas del Parque Sur y su cercan\u00eda con el centro de la ciudad: \u201cEs un espacio donde venimos y realmente desconectamos, nos llenamos de energ\u00eda y de naturaleza y podemos compartir con los m\u00e1s chiquitos, con la familia, en un entorno que sigue en desarrollo, pero que ya tiene caracter\u00edsticas \u00fanicas para nuestra ciudad y nuestra regi\u00f3n\u201d.<\/p>\n\n\n\n<p class=\"wp-block-paragraph\">Tambi\u00e9n destac\u00f3 especialmente el trabajo de Jorge Garc\u00eda y todo el equipo del Complejo Ecol\u00f3gico Municipal, as\u00ed como el acompa\u00f1amiento de las cooperadoras y de quienes contribuyen al crecimiento del espacio.<\/p>\n\n\n\n<figure class=\"wp-block-image size-full\"><img loading=\"lazy\" loading=\"lazy\" decoding=\"async\" width=\"1600\" height=\"900\" src=\"https:\/\/chacosintesis.com.ar\/wp-content\/uploads\/2026\/08\/WhatsApp-Image-2026-08-22-at-11.08.48.jpeg\" alt=\"\" class=\"wp-image-259588\" srcset=\"https:\/\/chacosintesis.com.ar\/wp-content\/uploads\/2026\/08\/WhatsApp-Image-2026-08-22-at-11.08.48.jpeg 1600w, https:\/\/chacosintesis.com.ar\/wp-content\/uploads\/2026\/08\/WhatsApp-Image-2026-08-22-at-11.08.48-768x432.jpeg 768w, https:\/\/chacosintesis.com.ar\/wp-content\/uploads\/2026\/08\/WhatsApp-Image-2026-08-22-at-11.08.48-1536x864.jpeg 1536w, https:\/\/chacosintesis.com.ar\/wp-content\/uploads\/2026\/08\/WhatsApp-Image-2026-08-22-at-11.08.48-860x484.jpeg 860w\" sizes=\"auto, (max-width: 1600px) 100vw, 1600px\" \/><\/figure>\n\n\n\n<p class=\"wp-block-paragraph\">Educaci\u00f3n y formaci\u00f3n para las nuevas generaciones<\/p>\n\n\n\n<p class=\"wp-block-paragraph\">El jefe comunal remarc\u00f3 adem\u00e1s que no es casual que el nuevo espacio haya sido concebido como un campamento educativo, ya que permitir\u00e1 generar nuevas propuestas vinculadas con la formaci\u00f3n y el fortalecimiento de los proyectos de vida de ni\u00f1os y j\u00f3venes.<\/p>\n\n\n\n<p class=\"wp-block-paragraph\">\u201cAqu\u00ed vamos a generar una oferta para acompa\u00f1ar a los m\u00e1s chiquitos en su proceso de formaci\u00f3n y fortalecimiento de su proyecto de vida\u201d, sostuvo.<\/p>\n\n\n\n<p class=\"wp-block-paragraph\">En esa l\u00ednea, se\u00f1al\u00f3 que el Municipio busca continuar sumando actividades y propuestas que permitan que el Parque Sur sea protagonista de distintas iniciativas, incluyendo encuentros deportivos, recreativos y educativos.<\/p>\n\n\n\n<p class=\"wp-block-paragraph\">Tambi\u00e9n mencion\u00f3 la posibilidad de incorporar a nuevos grupos y organizaciones que puedan utilizar este espacio, como la asociaci\u00f3n de Newcom recientemente conformada en la ciudad.<\/p>\n\n\n\n<p class=\"wp-block-paragraph\">Un complejo que contin\u00faa creciendo<\/p>\n\n\n\n<p class=\"wp-block-paragraph\">Durante su discurso, Cipolini adelant\u00f3 adem\u00e1s que el Municipio contin\u00faa trabajando en nuevos proyectos para fortalecer la oferta recreativa y tur\u00edstica de S\u00e1enz Pe\u00f1a.<\/p>\n\n\n\n<p class=\"wp-block-paragraph\">Entre ellos, mencion\u00f3 la pr\u00f3xima inauguraci\u00f3n de la primera etapa del parque acu\u00e1tico, ubicado sobre la Ruta Nacional 95 y pr\u00f3ximo al Complejo Ecol\u00f3gico, cuya segunda etapa comenzar\u00e1 posteriormente.<\/p>\n\n\n\n<p class=\"wp-block-paragraph\">Asimismo, destac\u00f3 el avance de distintas obras y propuestas dentro del propio Parque Sur, entre ellas el lago, que se encuentra pr\u00e1cticamente listo para su utilizaci\u00f3n en la pr\u00e1ctica de deportes acu\u00e1ticos no contaminantes.<\/p>\n\n\n\n<figure class=\"wp-block-image size-full\"><img loading=\"lazy\" loading=\"lazy\" decoding=\"async\" width=\"1500\" height=\"1000\" src=\"https:\/\/chacosintesis.com.ar\/wp-content\/uploads\/2026\/08\/WhatsApp-Image-2026-08-22-at-11.08.48-2.jpeg\" alt=\"\" class=\"wp-image-259589\" srcset=\"https:\/\/chacosintesis.com.ar\/wp-content\/uploads\/2026\/08\/WhatsApp-Image-2026-08-22-at-11.08.48-2.jpeg 1500w, https:\/\/chacosintesis.com.ar\/wp-content\/uploads\/2026\/08\/WhatsApp-Image-2026-08-22-at-11.08.48-2-768x512.jpeg 768w, https:\/\/chacosintesis.com.ar\/wp-content\/uploads\/2026\/08\/WhatsApp-Image-2026-08-22-at-11.08.48-2-330x220.jpeg 330w, https:\/\/chacosintesis.com.ar\/wp-content\/uploads\/2026\/08\/WhatsApp-Image-2026-08-22-at-11.08.48-2-420x280.jpeg 420w, https:\/\/chacosintesis.com.ar\/wp-content\/uploads\/2026\/08\/WhatsApp-Image-2026-08-22-at-11.08.48-2-615x410.jpeg 615w, https:\/\/chacosintesis.com.ar\/wp-content\/uploads\/2026\/08\/WhatsApp-Image-2026-08-22-at-11.08.48-2-860x573.jpeg 860w\" sizes=\"auto, (max-width: 1500px) 100vw, 1500px\" \/><\/figure>\n\n\n\n<p class=\"wp-block-paragraph\">\u201cSeguir apostando al Complejo Municipal es seguir apostando a Presidencia Roque S\u00e1enz Pe\u00f1a como alternativa de paseo, de esparcimiento, de formaci\u00f3n, aqu\u00ed en el centro de la provincia del Chaco\u201d, afirm\u00f3.<\/p>\n\n\n\n<p class=\"wp-block-paragraph\">El intendente tambi\u00e9n resalt\u00f3 el potencial de la ciudad para recibir visitantes y estudiantes de localidades de la regi\u00f3n, vinculando el desarrollo de espacios recreativos y naturales con la oferta educativa de S\u00e1enz Pe\u00f1a.<\/p>\n\n\n\n<p class=\"wp-block-paragraph\">\u201cEstamos comprometidos con el presente de la ciudad, con la coyuntura, con la emergencia, pero tambi\u00e9n y sobre todo con el futuro\u201d, sostuvo.<\/p>\n\n\n\n<p class=\"wp-block-paragraph\">La inauguraci\u00f3n del \u00c1rea de Campamentos Educativos representa un nuevo paso en el crecimiento del Complejo Ecol\u00f3gico Municipal y en la consolidaci\u00f3n del Parque Sur como un espacio destinado al encuentro, la educaci\u00f3n, el deporte, la recreaci\u00f3n y el contacto con la naturaleza.<\/p>\n\n\n\n<p class=\"wp-block-paragraph\">\u201cFelicitaciones a todos los protagonistas de esto que estamos viviendo hoy y el compromiso renovado de seguir acompa\u00f1ando a Jorge Garc\u00eda, a todo el equipo y a la construcci\u00f3n y fortalecimiento de este complejo para que se siga consolidando como un punto de encuentro para las familias de S\u00e1enz Pe\u00f1a y de toda la regi\u00f3n\u201d, concluy\u00f3 Cipolini.<\/p>\n","protected":false},"excerpt":{"rendered":"<p>El nuevo espacio del Complejo Ecol\u00f3gico Municipal cuenta con infraestructura especialmente dise\u00f1ada para recibir delegaciones y desarrollar actividades educativas, recreativas y de convivencia en contacto con la naturaleza. En una jornada que reuni\u00f3 a autoridades municipales, integrantes del Club Conquistadores Entheos de la Iglesia Adventista del S\u00e9ptimo D\u00eda y familias, se inaugur\u00f3 el \u00c1rea de [&hellip;]<\/p>\n","protected":false},"author":10001,"featured_media":259586,"comment_status":"closed","ping_status":"closed","sticky":false,"template":"","format":"standard","meta":{"footnotes":""},"categories":[6],"tags":[628],"class_list":["post-259584","post","type-post","status-publish","format-standard","has-post-thumbnail","category-chaco","tag-saenzpena"],"_links":{"self":[{"href":"https:\/\/chacosintesis.com.ar\/index.php\/wp-json\/wp\/v2\/posts\/259584","targetHints":{"allow":["GET"]}}],"collection":[{"href":"https:\/\/chacosintesis.com.ar\/index.php\/wp-json\/wp\/v2\/posts"}],"about":[{"href":"https:\/\/chacosintesis.com.ar\/index.php\/wp-json\/wp\/v2\/types\/post"}],"author":[{"embeddable":true,"href":"https:\/\/chacosintesis.com.ar\/index.php\/wp-json\/wp\/v2\/users\/10001"}],"replies":[{"embeddable":true,"href":"https:\/\/chacosintesis.com.ar\/index.php\/wp-json\/wp\/v2\/comments?post=259584"}],"version-history":[{"count":1,"href":"https:\/\/chacosintesis.com.ar\/index.php\/wp-json\/wp\/v2\/posts\/259584\/revisions"}],"predecessor-version":[{"id":259590,"href":"https:\/\/chacosintesis.com.ar\/index.php\/wp-json\/wp\/v2\/posts\/259584\/revisions\/259590"}],"wp:featuredmedia":[{"embeddable":true,"href":"https:\/\/chacosintesis.com.ar\/index.php\/wp-json\/wp\/v2\/media\/259586"}],"wp:attachment":[{"href":"https:\/\/chacosintesis.com.ar\/index.php\/wp-json\/wp\/v2\/media?parent=259584"}],"wp:term":[{"taxonomy":"category","embeddable":true,"href":"https:\/\/chacosintesis.com.ar\/index.php\/wp-json\/wp\/v2\/categories?post=259584"},{"taxonomy":"post_tag","embeddable":true,"href":"https:\/\/chacosintesis.com.ar\/index.php\/wp-json\/wp\/v2\/tags?post=259584"}],"curies":[{"name":"wp","href":"https:\/\/api.w.org\/{rel}","templated":true}]}}