{"id":25950,"date":"2023-08-30T11:54:35","date_gmt":"2023-08-30T14:54:35","guid":{"rendered":"https:\/\/chacosintesis.com.ar\/?p=25950"},"modified":"2023-08-30T12:06:46","modified_gmt":"2023-08-30T15:06:46","slug":"confirmado-chaco-no-pagara-la-suma-fija-de-60-000-dispuesto-por-nacion-a-estatales","status":"publish","type":"post","link":"https:\/\/chacosintesis.com.ar\/index.php\/confirmado-chaco-no-pagara-la-suma-fija-de-60-000-dispuesto-por-nacion-a-estatales\/","title":{"rendered":"Confirmado: Chaco no pagar\u00e1 la suma fija de $60.000 dispuesto por Naci\u00f3n a estatales"},"content":{"rendered":"<div class=\"postie-post\">Chapo hizo menci\u00f3n a la pol\u00edtica salarial que lleva adelante el gobierno en cuanto al sector p\u00fablico.<br \/>\n\u201cPara garantizar incrementos por encima de la inflaci\u00f3n y el resguardo del poder adquisitivo de las y los trabajadores, la Provincia tom\u00f3 decisiones previas a los anuncios del gobierno nacional que se han conocido en estos d\u00edas\u201d, apunt\u00f3.<br \/>\n\u201cHablamos no solamente de ingresos sino de otras medidas y programas que se impulsan para la mejora del poder adquisitivo y amortiguar el impacto inflacionario en las familias chaque\u00f1as\u201d, agreg\u00f3.<br \/>\nAl respecto, el vocero se\u00f1al\u00f3 que ayer martes comenz\u00f3 el cronograma de pago de los salarios de agosto para la administraci\u00f3n p\u00fablica, calendario que incluye un incremento del orden del 8%.<\/div>\n","protected":false},"excerpt":{"rendered":"<p>Chapo hizo menci\u00f3n a la pol\u00edtica salarial que lleva adelante el gobierno en cuanto al sector p\u00fablico. \u201cPara garantizar incrementos por encima de la inflaci\u00f3n y el resguardo del poder adquisitivo de las y los trabajadores, la Provincia tom\u00f3 decisiones previas a los anuncios del gobierno nacional que se han conocido en estos d\u00edas\u201d, apunt\u00f3. [&hellip;]<\/p>\n","protected":false},"author":1,"featured_media":25951,"comment_status":"closed","ping_status":"closed","sticky":false,"template":"","format":"standard","meta":{"footnotes":""},"categories":[6],"tags":[],"class_list":{"0":"post-25950","1":"post","2":"type-post","3":"status-publish","4":"format-standard","5":"has-post-thumbnail","7":"category-chaco"},"_links":{"self":[{"href":"https:\/\/chacosintesis.com.ar\/index.php\/wp-json\/wp\/v2\/posts\/25950","targetHints":{"allow":["GET"]}}],"collection":[{"href":"https:\/\/chacosintesis.com.ar\/index.php\/wp-json\/wp\/v2\/posts"}],"about":[{"href":"https:\/\/chacosintesis.com.ar\/index.php\/wp-json\/wp\/v2\/types\/post"}],"author":[{"embeddable":true,"href":"https:\/\/chacosintesis.com.ar\/index.php\/wp-json\/wp\/v2\/users\/1"}],"replies":[{"embeddable":true,"href":"https:\/\/chacosintesis.com.ar\/index.php\/wp-json\/wp\/v2\/comments?post=25950"}],"version-history":[{"count":0,"href":"https:\/\/chacosintesis.com.ar\/index.php\/wp-json\/wp\/v2\/posts\/25950\/revisions"}],"wp:featuredmedia":[{"embeddable":true,"href":"https:\/\/chacosintesis.com.ar\/index.php\/wp-json\/wp\/v2\/media\/25951"}],"wp:attachment":[{"href":"https:\/\/chacosintesis.com.ar\/index.php\/wp-json\/wp\/v2\/media?parent=25950"}],"wp:term":[{"taxonomy":"category","embeddable":true,"href":"https:\/\/chacosintesis.com.ar\/index.php\/wp-json\/wp\/v2\/categories?post=25950"},{"taxonomy":"post_tag","embeddable":true,"href":"https:\/\/chacosintesis.com.ar\/index.php\/wp-json\/wp\/v2\/tags?post=25950"}],"curies":[{"name":"wp","href":"https:\/\/api.w.org\/{rel}","templated":true}]}}