{"id":25948,"date":"2023-08-30T11:21:07","date_gmt":"2023-08-30T14:21:07","guid":{"rendered":"https:\/\/chacosintesis.com.ar\/?p=25948"},"modified":"2023-08-30T11:39:03","modified_gmt":"2023-08-30T14:39:03","slug":"capitanich-definio-una-agenda-de-prioridades-junto-a-representantes-de-empresas-constructoras","status":"publish","type":"post","link":"https:\/\/chacosintesis.com.ar\/index.php\/capitanich-definio-una-agenda-de-prioridades-junto-a-representantes-de-empresas-constructoras\/","title":{"rendered":"Capitanich defini\u00f3 una agenda de prioridades junto a representantes de empresas constructoras"},"content":{"rendered":"<div class=\"postie-post\">El mandatario se reuni\u00f3 con representantes del Centro de Empresas Constructoras y de la C\u00e1mara Argentina de Construcci\u00f3n para realizar un balance de la gesti\u00f3n, escuchar pedidos y establecer acciones en conjunto de cara a los pr\u00f3ximos a\u00f1os del sector.<\/p>\n<p>El gobernador Jorge Capitanich se reuni\u00f3 este martes con representantes del Centro de Empresas Constructoras (CAC) y de la C\u00e1mara Argentina de Construcci\u00f3n (CEC) para coordinar una agenda en conjunto y escuchar propuestas acerca de pedidos y acciones para acompa\u00f1ar al sector.<\/p>\n<p>Durante la reuni\u00f3n, el gobernador realiz\u00f3 un balance de la gesti\u00f3n en base al plan de obras oficial de la provincia, material que tambi\u00e9n se utiliz\u00f3 para comenzar a planificar un nuevo programa de cara al futuro. \u201cA lo largo de nuestra gesti\u00f3n, hemos apoyado el desarrollo de empresas y seguiremos colaborando estrechamente con el sector privado con el objetivo de continuar generando empleo y oportunidades para los chaque\u00f1os y chaque\u00f1as\u201d, se\u00f1al\u00f3 el mandatario.<\/p>\n<p>A su vez, la asamblea abarc\u00f3 distintos temas que parten de inquietudes transmitidas por los representantes de la C\u00e1mara, entre los que se destacan una previsibilidad en los pagos de contratos de la obra p\u00fablica, redeterminaciones en los valores de todos los proyectos, un plan de obras definido para ejecutar en los pr\u00f3ximos a\u00f1os, y mejorar los controles de los proyectos y pliegos licitatorios a la hora de aprobar los contratos, entre otros.<\/p>\n<p>Adem\u00e1s, se plante\u00f3 tambi\u00e9n la posibilidad de contar con nuevas tasas bonificadas en el Nuevo Banco del Chaco para las empresas constructoras, un trabajo que junto al Ministerio de Planificaci\u00f3n, Econom\u00eda e Infraestructura se viene desarrollando para acompa\u00f1ar a dichas firmas con fuentes de financiamiento con condiciones diferenciadas.<\/p>\n<p>\u201cA lo largo de nuestra gesti\u00f3n, hemos apoyado el desarrollo de 26 empresas y seguiremos colaborando estrechamente con el sector privado\u201d, manifest\u00f3 Capitanich, reafirmando de esta manera el trabajo en conjunto que se viene desarrollando para \u201ccontinuar generando empleo genuino y diversas oportunidades para las chaque\u00f1as y los chaque\u00f1os\u201d.<\/p>\n<p>Previo a este encuentro, Capitanich se reuni\u00f3 con representantes, trabajadoras y trabajadores del Centro de Empresas Constructoras (CEC) para analizar el impacto de las obras de infraestructura ejecutadas en la provincia, acompa\u00f1ado por el presidente del Nuevo Banco del Chaco (NBCH), Federico Mu\u00f1oz Femen\u00eda.<\/p>\n<p>Al respecto, el presidente de la C\u00e1mara Argentina de la Construcci\u00f3n, Mauro Guidini, remarc\u00f3 que \u201chablamos un poco del panorama a futuro para nuestro sector, con una perspectiva que circunscribe a la situaci\u00f3n general del pa\u00eds. A pesar de esto, tenemos capacidad de resiliencia de aguantar estas condiciones adversas. Y por lo tanto siempre es alentador contar con un programa macro para tener los fondos de las obras\u201d.<\/p>\n<p>Adem\u00e1s, el referente tambi\u00e9n hizo hincapi\u00e9 en \u201cla excepcional gesti\u00f3n del gobernador en cuanto al dise\u00f1o y al armado de las l\u00edneas de financiamiento para hacer las obras que \u00e9l ten\u00eda proyectadas y su posterior puesta en marcha. Yo realmente tengo que reconocerle la gesti\u00f3n de obra p\u00fablica, aunque m\u00e1s que reconocerle hay que verlo, en lo que hace a pavimento urbano, escuelas, comisar\u00edas, hospitales, etc\u00e9tera\u201d.<\/p>\n<p>A su turno, el presidente del CEC, Marcelino Pi\u00f1eiro destac\u00f3 el encuentro con el mandatario, con quien analizaron proyectos realizados y los pr\u00f3ximos a poner en marcha para continuar fortaleciendo el desarrollo de las empresas constructoras. \u201cSeguiremos trabajando para que esto suceda, para seguir desarrollando proyectos en la provincia e impulsando el crecimiento de nuestra actividad\u201d, expres\u00f3 Pi\u00f1eiro.<\/p><\/div>\n","protected":false},"excerpt":{"rendered":"<p>El mandatario se reuni\u00f3 con representantes del Centro de Empresas Constructoras y de la C\u00e1mara Argentina de Construcci\u00f3n para realizar un balance de la gesti\u00f3n, escuchar pedidos y establecer acciones en conjunto de cara a los pr\u00f3ximos a\u00f1os del sector. El gobernador Jorge Capitanich se reuni\u00f3 este martes con representantes del Centro de Empresas Constructoras [&hellip;]<\/p>\n","protected":false},"author":1,"featured_media":25949,"comment_status":"closed","ping_status":"closed","sticky":false,"template":"","format":"standard","meta":{"footnotes":""},"categories":[6],"tags":[],"class_list":{"0":"post-25948","1":"post","2":"type-post","3":"status-publish","4":"format-standard","5":"has-post-thumbnail","7":"category-chaco"},"_links":{"self":[{"href":"https:\/\/chacosintesis.com.ar\/index.php\/wp-json\/wp\/v2\/posts\/25948","targetHints":{"allow":["GET"]}}],"collection":[{"href":"https:\/\/chacosintesis.com.ar\/index.php\/wp-json\/wp\/v2\/posts"}],"about":[{"href":"https:\/\/chacosintesis.com.ar\/index.php\/wp-json\/wp\/v2\/types\/post"}],"author":[{"embeddable":true,"href":"https:\/\/chacosintesis.com.ar\/index.php\/wp-json\/wp\/v2\/users\/1"}],"replies":[{"embeddable":true,"href":"https:\/\/chacosintesis.com.ar\/index.php\/wp-json\/wp\/v2\/comments?post=25948"}],"version-history":[{"count":0,"href":"https:\/\/chacosintesis.com.ar\/index.php\/wp-json\/wp\/v2\/posts\/25948\/revisions"}],"wp:featuredmedia":[{"embeddable":true,"href":"https:\/\/chacosintesis.com.ar\/index.php\/wp-json\/wp\/v2\/media\/25949"}],"wp:attachment":[{"href":"https:\/\/chacosintesis.com.ar\/index.php\/wp-json\/wp\/v2\/media?parent=25948"}],"wp:term":[{"taxonomy":"category","embeddable":true,"href":"https:\/\/chacosintesis.com.ar\/index.php\/wp-json\/wp\/v2\/categories?post=25948"},{"taxonomy":"post_tag","embeddable":true,"href":"https:\/\/chacosintesis.com.ar\/index.php\/wp-json\/wp\/v2\/tags?post=25948"}],"curies":[{"name":"wp","href":"https:\/\/api.w.org\/{rel}","templated":true}]}}