{"id":25944,"date":"2023-08-30T08:52:36","date_gmt":"2023-08-30T11:52:36","guid":{"rendered":"https:\/\/chacosintesis.com.ar\/?p=25944"},"modified":"2023-08-30T09:07:23","modified_gmt":"2023-08-30T12:07:23","slug":"zdero-en-pinedo-vamos-a-lograr-que-los-derechos-vuelvan-a-la-gente","status":"publish","type":"post","link":"https:\/\/chacosintesis.com.ar\/index.php\/zdero-en-pinedo-vamos-a-lograr-que-los-derechos-vuelvan-a-la-gente\/","title":{"rendered":"Zdero en Pinedo: &#8220;Vamos a lograr que los derechos vuelvan a la gente&#8221;"},"content":{"rendered":"<div class=\"postie-post\">Leandro Zdero, junto a Silvana Schneider, la f\u00f3rmula para la gobernaci\u00f3n y el diputado nacional Juan Carlos Polini, de Juntos por el Cambio, estuvieron en Gral. Pinedo en la caravana del cambio y en diversas actividades con vecinos del sudoeste. \u201cEstamos construyendo la posibilidad de lograr una provincia que incluya a todos y vamos a lograr que los derechos vuelvan a la gente. Los chaque\u00f1os deber\u00edan tener una salud que cure, una educaci\u00f3n que eduque, una seguridad que proteja a los ciudadanos y las oportunidades de trabajo que se puede lograr fijando prioridades, administrando bien los recursos y poniendo orden\u201d.<br \/>\nAnoche, en Gral. Pinedo, Zdero junto a Juan \u201cChila\u201d Reschini, su candidato a intendente, de JxC, estuvieron en la Caravana del Cambio por las calles de la localidad y en contacto con la gente. \u201cMuy contento de volver, una vez m\u00e1s, acompa\u00f1ando a \u201cChila\u201d Reschini con esta caravana, porque seguimos llevando el cambio a cada rinc\u00f3n de la provincia, con much\u00edsimos chaque\u00f1os que siguen entusiasmados y acompa\u00f1ando nuestro proyecto pol\u00edtico\u201d.<br \/>\nEL 54% DE POBRES EN CHACO, ES LA CARA QUE EXPRESA QUE NO TODO EST\u00c1 BIEN<br \/>\n\u201cNosotros transmitimos lo que sucede en cada localidad, porque estamos en tierra, no nos cuentan ni suponemos los problemas de la gente. Tenemos el 54% de pobreza en el Chaco y es la cara que expresa que todo no est\u00e1 bien; se debe fortalecer el sistema sanitario y jerarquizar la educaci\u00f3n porque hoy tenemos a piqueteros haciendo de docentes y a docentes sin trabajo. Hace 16 a\u00f1os gobiernan los mismos y no podr\u00e1n ofrecer m\u00e1s de lo que ya no hicieron; por eso se va a terminar este ciclo de aquellos que solo ofrecen oscuridad e impunidad\u201d<br \/>\nPor \u00faltimo, Zdero remarc\u00f3: \u201cle pedimos el 17 de septiembre, a cada chaque\u00f1o, que nos acompa\u00f1e porque el 65% de la gente pide un cambio y en la provincia ya se sienten esos aires nuevos. Queremos un futuro mejor, lleno de esperanzas y con oportunidades reales para el Chaco que so\u00f1amos\u201d.<\/div>\n","protected":false},"excerpt":{"rendered":"<p>Leandro Zdero, junto a Silvana Schneider, la f\u00f3rmula para la gobernaci\u00f3n y el diputado nacional Juan Carlos Polini, de Juntos por el Cambio, estuvieron en Gral. Pinedo en la caravana del cambio y en diversas actividades con vecinos del sudoeste. \u201cEstamos construyendo la posibilidad de lograr una provincia que incluya a todos y vamos a [&hellip;]<\/p>\n","protected":false},"author":1,"featured_media":25945,"comment_status":"closed","ping_status":"closed","sticky":false,"template":"","format":"standard","meta":{"footnotes":""},"categories":[6],"tags":[],"class_list":{"0":"post-25944","1":"post","2":"type-post","3":"status-publish","4":"format-standard","5":"has-post-thumbnail","7":"category-chaco"},"_links":{"self":[{"href":"https:\/\/chacosintesis.com.ar\/index.php\/wp-json\/wp\/v2\/posts\/25944","targetHints":{"allow":["GET"]}}],"collection":[{"href":"https:\/\/chacosintesis.com.ar\/index.php\/wp-json\/wp\/v2\/posts"}],"about":[{"href":"https:\/\/chacosintesis.com.ar\/index.php\/wp-json\/wp\/v2\/types\/post"}],"author":[{"embeddable":true,"href":"https:\/\/chacosintesis.com.ar\/index.php\/wp-json\/wp\/v2\/users\/1"}],"replies":[{"embeddable":true,"href":"https:\/\/chacosintesis.com.ar\/index.php\/wp-json\/wp\/v2\/comments?post=25944"}],"version-history":[{"count":0,"href":"https:\/\/chacosintesis.com.ar\/index.php\/wp-json\/wp\/v2\/posts\/25944\/revisions"}],"wp:featuredmedia":[{"embeddable":true,"href":"https:\/\/chacosintesis.com.ar\/index.php\/wp-json\/wp\/v2\/media\/25945"}],"wp:attachment":[{"href":"https:\/\/chacosintesis.com.ar\/index.php\/wp-json\/wp\/v2\/media?parent=25944"}],"wp:term":[{"taxonomy":"category","embeddable":true,"href":"https:\/\/chacosintesis.com.ar\/index.php\/wp-json\/wp\/v2\/categories?post=25944"},{"taxonomy":"post_tag","embeddable":true,"href":"https:\/\/chacosintesis.com.ar\/index.php\/wp-json\/wp\/v2\/tags?post=25944"}],"curies":[{"name":"wp","href":"https:\/\/api.w.org\/{rel}","templated":true}]}}