{"id":25938,"date":"2023-08-30T07:50:53","date_gmt":"2023-08-30T10:50:53","guid":{"rendered":"https:\/\/chacosintesis.com.ar\/?p=25938"},"modified":"2023-08-30T08:07:22","modified_gmt":"2023-08-30T11:07:22","slug":"el-trigo-comienza-a-manifestar-danos-por-la-falta-de-lluvias","status":"publish","type":"post","link":"https:\/\/chacosintesis.com.ar\/index.php\/el-trigo-comienza-a-manifestar-danos-por-la-falta-de-lluvias\/","title":{"rendered":"El trigo comienza a manifestar da\u00f1os por la falta de lluvias"},"content":{"rendered":"<div class=\"postie-post\">Los pron\u00f3sticos del tiempo no anuncian lluvias para los pr\u00f3ximos d\u00edas y el trigo, con poco m\u00e1s de 90.000 hect\u00e1reas en la provincia comienza a sentir el estr\u00e9s, registr\u00e1ndose hasta el momento un quince por ciento de la superficie da\u00f1ada.<br \/>\n La angustia sigue siendo el sentimiento del productor chaque\u00f1o &#8220;y, si bien se sucedieron lluvias en las \u00faltimas semanas, el problema es que no se alcanza a recuperar el perfil de humedad en el suelo&#8221;.<br \/>\n&#8220;Es angustiante la situaci\u00f3n porque, a pesar de que lluvias eventuales y puntuales podr\u00eda permitir la siembra de girasol, la reserva de humedad no se restablece&#8221;, menciona la ingeniera Flavia Francescutti, profesional del INTA que conduce la Subsecretar\u00eda de Agricultura del Chaco.<br \/>\nLa oleaginosa est\u00e1 en sus primeros estadios &#8220;pero es el trigo el que est\u00e1 sintiendo la falta de agua y en algunas zonas m\u00e1s que en otras&#8221;. &#8220;El grano panadero en algunos lotes est\u00e1 en etapa de floraci\u00f3n o en llenado de granos, adelant\u00e1ndose mucho esa etapa&#8221;.<br \/>\n El cultivo de trigo tuvo una intenci\u00f3n de siembra de 134.600 hect\u00e1reas, pero se sembraron 92.670 hect\u00e1reas, es decir solo el 69 % de lo estimado. Ya se perdieron, de arranque, unas 450 hect\u00e1reas, seg\u00fan el informe de la Subsecretar\u00eda de Agricultura.<br \/>\nSalvo algunos chaparrones registrados la semana pasada, en gran parte de la provincia donde se implant\u00f3 el cereal no hubo lluvias. El cultivo tanto en la zona Norte como en el Sur, atraviesa etapas vegetativas, con los primeros implantados ingresando en enca\u00f1az\u00f3n.<br \/>\nLa falta de humedad comienza a manifestarse, presentando lotes manchoneados, con cuadros que en su estado van de buenos\/regulares a malos.<br \/>\nSE ACELER\u00d3 EL CULTIVO<br \/>\n&#8220;El trigo, si bien pudo haber sido sembrado temprano, no tiene ni tres hojas y est\u00e1 ya con la flor, lo que da la pauta de que el cultivo se aceler\u00f3 demasiado&#8221;, detalla la profesional. La ausencia de humedad se agrava adem\u00e1s con el fuerte viento del Sur que se registra en los \u00faltimos d\u00edas &#8220;que incrementa mucho m\u00e1s el estr\u00e9s en las plantas&#8221;.<br \/>\nEl \u00e1rea sembrada con trigo alcanz\u00f3 las 92.500 hect\u00e1reas, &#8220;un rango de superficie que es promedio en el Chaco&#8221;. &#8220;Los delegados estiman que un quince por ciento del cultivo est\u00e1 da\u00f1ado, dependiendo de la zona porque hay lugares en los que se observa un alto nivel de da\u00f1o, pero hay otros donde todav\u00eda el trigo la est\u00e1 peleando bastante bien&#8221;. El registro no contabiliza hasta el momento p\u00e9rdida total, &#8220;pero hay da\u00f1os&#8221;.<br \/>\nCabe recordar que la emergencia agropecuaria en el Chaco finaliz\u00f3 en julio, pero &#8220;un par de subcomisiones enviaron notas alertando de que pr\u00f3ximamente podr\u00edan realizar la solicitud de declaraci\u00f3n de emergencia&#8221; si las condiciones de escasa humedad siguen complicando a la producci\u00f3n primaria.<br \/>\nAlgod\u00f3n fuera de fecha<br \/>\nLas condiciones de sequ\u00eda que perduran y se espera que comiencen a revertirse con el restablecimiento del per\u00edodo de lluvias a partir de finales de septiembre o principios de octubre, podr\u00edan incrementar la superficie con algod\u00f3n. En el caso del textil, por la experiencia de la campa\u00f1a pasada, se avizora la posibilidad de que el productor siembre a partir de noviembre, casi al borde de la fecha l\u00edmite establecida por el Senasa.<br \/>\nLos productores est\u00e1n pidiendo e insistiendo a trav\u00e9s de la Coprosave que se extienda la fecha de siembra del algod\u00f3n, &#8220;lo que est\u00e1 siendo planteado y trabajado con el Senasa, que no es que est\u00e1 en desacuerdo, pero hay una normativa vigente que se deber\u00eda modificar&#8221;.<br \/>\n&#8220;Lo que hay que entender es que si se cambia la fecha de siembra, se deber\u00e1 ser mucho m\u00e1s estricto con la data de destrucci\u00f3n de los rastrojos, que ya este a\u00f1o fue laxa debido a las condiciones clim\u00e1ticas, pero necesitamos garantizar s\u00ed o s\u00ed los 90 d\u00edas de vac\u00edo sanitario para el control del picudo&#8221;, detall\u00f3 Flavia Francescu.<\/p>\n<p>El girasol con aguante<br \/>\nEl girasol, el otro cultivo que ya est\u00e1 sembrado en parte de la provincia, registr\u00f3 con las precipitaciones que ocurrieron en zonas puntuales de la provincia, la reanudaci\u00f3n de la siembra de girasol en esos lotes &#8220;regados&#8221;. El cultivo aceitero &#8220;tiene la ventaja de que tiene mucha resistencia a la sequ\u00eda, especialmente en la primera etapa&#8221;. En la provincia se llevan implantadas casi 100.000 hect\u00e1reas, &#8220;pero con las lluvias que puedan darse en los pr\u00f3ximos d\u00edas los productores van a seguir sembrando, aun fuera de la ventana de siembra ideal&#8221;.<br \/>\n&#8220;Seguramente se seguir\u00e1 sembrando porque tenemos productores que solicitaron incluir algunos lotes m\u00e1s al seguro multirriesgo ofrecido por la Provincia ya que extender\u00e1n el per\u00edodo de siembra&#8221;, refiri\u00f3 Francescutti.<br \/>\n&#8220;El registro, hasta la fecha, es de 98.000 hect\u00e1reas, pero entendemos que se superar\u00e1 ese l\u00edmite, aunque no se alcanzar\u00e1 la proyecci\u00f3n de la intenci\u00f3n que era de 360.000 hect\u00e1reas&#8221;, agreg\u00f3 la subsecretaria de Agricultura de la provincia.<br \/>\nDIARIO NORTE.-<\/p>\n<\/div>\n","protected":false},"excerpt":{"rendered":"<p>Los pron\u00f3sticos del tiempo no anuncian lluvias para los pr\u00f3ximos d\u00edas y el trigo, con poco m\u00e1s de 90.000 hect\u00e1reas en la provincia comienza a sentir el estr\u00e9s, registr\u00e1ndose hasta el momento un quince por ciento de la superficie da\u00f1ada. La angustia sigue siendo el sentimiento del productor chaque\u00f1o &#8220;y, si bien se sucedieron lluvias [&hellip;]<\/p>\n","protected":false},"author":1,"featured_media":25939,"comment_status":"closed","ping_status":"closed","sticky":false,"template":"","format":"standard","meta":{"footnotes":""},"categories":[6],"tags":[197],"class_list":{"0":"post-25938","1":"post","2":"type-post","3":"status-publish","4":"format-standard","5":"has-post-thumbnail","7":"category-chaco","8":"tag-destacada"},"_links":{"self":[{"href":"https:\/\/chacosintesis.com.ar\/index.php\/wp-json\/wp\/v2\/posts\/25938","targetHints":{"allow":["GET"]}}],"collection":[{"href":"https:\/\/chacosintesis.com.ar\/index.php\/wp-json\/wp\/v2\/posts"}],"about":[{"href":"https:\/\/chacosintesis.com.ar\/index.php\/wp-json\/wp\/v2\/types\/post"}],"author":[{"embeddable":true,"href":"https:\/\/chacosintesis.com.ar\/index.php\/wp-json\/wp\/v2\/users\/1"}],"replies":[{"embeddable":true,"href":"https:\/\/chacosintesis.com.ar\/index.php\/wp-json\/wp\/v2\/comments?post=25938"}],"version-history":[{"count":0,"href":"https:\/\/chacosintesis.com.ar\/index.php\/wp-json\/wp\/v2\/posts\/25938\/revisions"}],"wp:featuredmedia":[{"embeddable":true,"href":"https:\/\/chacosintesis.com.ar\/index.php\/wp-json\/wp\/v2\/media\/25939"}],"wp:attachment":[{"href":"https:\/\/chacosintesis.com.ar\/index.php\/wp-json\/wp\/v2\/media?parent=25938"}],"wp:term":[{"taxonomy":"category","embeddable":true,"href":"https:\/\/chacosintesis.com.ar\/index.php\/wp-json\/wp\/v2\/categories?post=25938"},{"taxonomy":"post_tag","embeddable":true,"href":"https:\/\/chacosintesis.com.ar\/index.php\/wp-json\/wp\/v2\/tags?post=25938"}],"curies":[{"name":"wp","href":"https:\/\/api.w.org\/{rel}","templated":true}]}}