{"id":25932,"date":"2023-08-29T18:04:58","date_gmt":"2023-08-29T21:04:58","guid":{"rendered":"https:\/\/chacosintesis.com.ar\/?p=25932"},"modified":"2023-08-29T18:06:49","modified_gmt":"2023-08-29T21:06:49","slug":"pronostico-de-lluvias-para-el-cierre-de-la-semana-llega-la-tormenta-de-santa-rosa","status":"publish","type":"post","link":"https:\/\/chacosintesis.com.ar\/index.php\/pronostico-de-lluvias-para-el-cierre-de-la-semana-llega-la-tormenta-de-santa-rosa\/","title":{"rendered":"Pron\u00f3stico de lluvias para el cierre de la semana: \u00bfllega la tormenta de Santa Rosa?"},"content":{"rendered":"<div class=\"postie-post\">Seg\u00fan el Servicio Meteorol\u00f3gico Nacional, las condiciones del tiempo se volver\u00e1n inestables durante la ma\u00f1ana del viernes y continuar\u00e1n as\u00ed durante todo el fin de semana. A pesar de las precipitaciones, no se espera un descenso brusco de la temperatura.<br \/>\nDespu\u00e9s de un leve repunte de los registros t\u00e9rmicos en las \u00faltimas horas, el Servicio Meteorol\u00f3gico Nacional pronostica la vuelta de las precipitaciones para el cierre de esta semana, que marcar\u00e1 adem\u00e1s el fin del mes de agosto. El dato cobra relevancia ya que permitir\u00e1 sostener la a\u00f1eja pol\u00e9mica sobre la existencia o no de la popular \u201ctormenta de Santa Rosa\u201d.<br \/>\nPara lo que resta de este martes, el organismo nacional estima que el cielo continuar\u00e1 algo a parcialmente nublado, con la temperatura en torno a los 20\u00b0 tras el \u201cretiro\u201d del sol.<br \/>\nPara el mi\u00e9rcoles, la presencia de las nubes continuar\u00eda siendo escasa y la temperatura continuar\u00eda su paulatino pero constante ascenso, para ubicarse en los 12\u00b0 de m\u00ednima, durante la ma\u00f1ana; y en los 28\u00b0 de m\u00e1xima, en horas de la siesta.<br \/>\nCon similares condiciones transcurrir\u00eda el jueves, aunque el cambio en la direcci\u00f3n del tiempo, del noreste al sureste, generar\u00e1 un aumento de la nubosidad y la inestabilidad del tiempo hacia el cierre del d\u00eda.<br \/>\nEl viernes, comenzar\u00eda con las primeras precipitaciones, a partir del inicio de la jornada, con r\u00e1fagas de hasta 50 km\/h de viento que soplar\u00e1 desde el sector noreste. Las lluvias y tormentas se extender\u00e1n durante todo el fin de semana, y reci\u00e9n se espera una mejora en las condiciones del tiempo a partir de la tarde del pr\u00f3ximo lunes.<br \/>\nMito y realidad de la &#8220;tormenta de Santa Rosa&#8221;<br \/>\nLa leyenda indica que, en el Siglo XVII, una mujer muy religiosa llamada conocida como \u201cRosa\u201d lanz\u00f3 una plegaria para salvar a la Ciudad de Lima del ataque de los piratas. La noche del ataque, gracias a sus oraciones, se form\u00f3 en el cielo una tormenta tan grande, que impidi\u00f3 que los piratas llegaran a tierra e invadieran la ciudad.<br \/>\nDesde entonces, ese mito se extendi\u00f3 por toda la regi\u00f3n y Rosa de Lima se convirti\u00f3 en la primera mujer de Am\u00e9rica Latina en ser canonizada y nombrada Santa. Por eso, a este fen\u00f3meno tan popular se lo conoce como: La Tormenta de Santa Rosa.<br \/>\nDesde el Servicio Meteorol\u00f3gico Nacional cuentan que cada 30 de agosto se celebra el d\u00eda de Santa Rosa de Lima, y, seg\u00fan la creencia popular, alrededor de esta fecha hay que esperar una tormenta intensa. Pero ese \u201calrededor\u201d no est\u00e1 fijo, y seg\u00fan la conveniencia del creyente, puede ser una tormenta que ocurre unos 3 o 4 d\u00edas en torno al 30 de agosto o unos 15 d\u00edas antes y despu\u00e9s de esa fecha. Lo cierto, es que como este l\u00edmite no est\u00e1 del todo claro, cualquier tormenta entre agosto y septiembre podr\u00eda ser \u201cla de Santa Rosa\u201d.<br \/>\nSeg\u00fan el glosario meteorol\u00f3gico de la Organizaci\u00f3n Meteorol\u00f3gica Mundial (OMM), para que haya tormenta tiene que haber actividad el\u00e9ctrica. Una lluvia sin la presencia de descargas bruscas de electricidad atmosf\u00e9rica acompa\u00f1adas por un resplandor (rel\u00e1mpago) y un ruido (trueno), no clasifica como tormenta.<br \/>\nEn el centro y noreste argentino es frecuente la generaci\u00f3n de tormentas en esta \u00e9poca del a\u00f1o. Desde mediados y finales de agosto, la atm\u00f3sfera es sometida a cambios en su circulaci\u00f3n debido a la proximidad de la primavera, lo que favorece la presencia de aire c\u00e1lido, m\u00e1s humedad y condiciones propicias para su desarrollo. Eso s\u00ed, aunque popularmente se espera que la tormenta de Santa Rosa sea m\u00e1s fuerte que cualquier otra, no hay evidencia de que esto sea siempre as\u00ed.<br \/>\nEl resultado del an\u00e1lisis demostr\u00f3 que, en los 116 a\u00f1os de registro, en 65 oportunidades (56% de los casos) se produjeron tormentas en esas fechas, aunque no siempre estuvieron asociadas a precipitaciones intensas o abundantes.<br \/>\nFuente: Servicio Meteorol\u00f3gico Nacional<\/div>\n","protected":false},"excerpt":{"rendered":"<p>Seg\u00fan el Servicio Meteorol\u00f3gico Nacional, las condiciones del tiempo se volver\u00e1n inestables durante la ma\u00f1ana del viernes y continuar\u00e1n as\u00ed durante todo el fin de semana. A pesar de las precipitaciones, no se espera un descenso brusco de la temperatura. Despu\u00e9s de un leve repunte de los registros t\u00e9rmicos en las \u00faltimas horas, el Servicio [&hellip;]<\/p>\n","protected":false},"author":1,"featured_media":25933,"comment_status":"closed","ping_status":"closed","sticky":false,"template":"","format":"standard","meta":{"footnotes":""},"categories":[6],"tags":[],"class_list":{"0":"post-25932","1":"post","2":"type-post","3":"status-publish","4":"format-standard","5":"has-post-thumbnail","7":"category-chaco"},"_links":{"self":[{"href":"https:\/\/chacosintesis.com.ar\/index.php\/wp-json\/wp\/v2\/posts\/25932","targetHints":{"allow":["GET"]}}],"collection":[{"href":"https:\/\/chacosintesis.com.ar\/index.php\/wp-json\/wp\/v2\/posts"}],"about":[{"href":"https:\/\/chacosintesis.com.ar\/index.php\/wp-json\/wp\/v2\/types\/post"}],"author":[{"embeddable":true,"href":"https:\/\/chacosintesis.com.ar\/index.php\/wp-json\/wp\/v2\/users\/1"}],"replies":[{"embeddable":true,"href":"https:\/\/chacosintesis.com.ar\/index.php\/wp-json\/wp\/v2\/comments?post=25932"}],"version-history":[{"count":0,"href":"https:\/\/chacosintesis.com.ar\/index.php\/wp-json\/wp\/v2\/posts\/25932\/revisions"}],"wp:featuredmedia":[{"embeddable":true,"href":"https:\/\/chacosintesis.com.ar\/index.php\/wp-json\/wp\/v2\/media\/25933"}],"wp:attachment":[{"href":"https:\/\/chacosintesis.com.ar\/index.php\/wp-json\/wp\/v2\/media?parent=25932"}],"wp:term":[{"taxonomy":"category","embeddable":true,"href":"https:\/\/chacosintesis.com.ar\/index.php\/wp-json\/wp\/v2\/categories?post=25932"},{"taxonomy":"post_tag","embeddable":true,"href":"https:\/\/chacosintesis.com.ar\/index.php\/wp-json\/wp\/v2\/tags?post=25932"}],"curies":[{"name":"wp","href":"https:\/\/api.w.org\/{rel}","templated":true}]}}