{"id":25926,"date":"2023-08-29T16:53:02","date_gmt":"2023-08-29T19:53:02","guid":{"rendered":"https:\/\/chacosintesis.com.ar\/?p=25926"},"modified":"2023-08-29T17:07:52","modified_gmt":"2023-08-29T20:07:52","slug":"chaco-for-ever-anuncio-aumentos-en-su-cuota-societaria","status":"publish","type":"post","link":"https:\/\/chacosintesis.com.ar\/index.php\/chaco-for-ever-anuncio-aumentos-en-su-cuota-societaria\/","title":{"rendered":"Chaco For Ever anunci\u00f3 aumentos en su cuota societaria"},"content":{"rendered":"<div class=\"postie-post\">La dirigencia argument\u00f3 el incremento por \u201cla realidad econ\u00f3mica\u201d del pa\u00eds.<br \/>\nEste martes desde el Club Atl\u00e9tico Chaco For Ever informaron en las redes sociales que el mes pr\u00f3ximo habr\u00e1 un aumento en la cuota societaria e indicaron los montos actualizados a partir del viernes 1 de septiembre.<br \/>\n\u201cDebido a la realidad econ\u00f3mica por la que atraviesa nuestro pa\u00eds, a la cual nuestra instituci\u00f3n no escapa, la cuota societaria tendr\u00e1 un aumento\u201d, fue la explicaci\u00f3n desde la dirigencia albinegra.<br \/>\nEn ese sentido, precisaron que \u201cel nuevo valor establecido en la cuota de socio pleno ser\u00e1 de $3.500 (tres mil quinientos pesos) a partir del d\u00eda viernes 1 de septiembre 2023\u201d.<\/div>\n","protected":false},"excerpt":{"rendered":"<p>La dirigencia argument\u00f3 el incremento por \u201cla realidad econ\u00f3mica\u201d del pa\u00eds. Este martes desde el Club Atl\u00e9tico Chaco For Ever informaron en las redes sociales que el mes pr\u00f3ximo habr\u00e1 un aumento en la cuota societaria e indicaron los montos actualizados a partir del viernes 1 de septiembre. \u201cDebido a la realidad econ\u00f3mica por la [&hellip;]<\/p>\n","protected":false},"author":1,"featured_media":25927,"comment_status":"closed","ping_status":"closed","sticky":false,"template":"","format":"standard","meta":{"footnotes":""},"categories":[6],"tags":[],"class_list":{"0":"post-25926","1":"post","2":"type-post","3":"status-publish","4":"format-standard","5":"has-post-thumbnail","7":"category-chaco"},"_links":{"self":[{"href":"https:\/\/chacosintesis.com.ar\/index.php\/wp-json\/wp\/v2\/posts\/25926","targetHints":{"allow":["GET"]}}],"collection":[{"href":"https:\/\/chacosintesis.com.ar\/index.php\/wp-json\/wp\/v2\/posts"}],"about":[{"href":"https:\/\/chacosintesis.com.ar\/index.php\/wp-json\/wp\/v2\/types\/post"}],"author":[{"embeddable":true,"href":"https:\/\/chacosintesis.com.ar\/index.php\/wp-json\/wp\/v2\/users\/1"}],"replies":[{"embeddable":true,"href":"https:\/\/chacosintesis.com.ar\/index.php\/wp-json\/wp\/v2\/comments?post=25926"}],"version-history":[{"count":0,"href":"https:\/\/chacosintesis.com.ar\/index.php\/wp-json\/wp\/v2\/posts\/25926\/revisions"}],"wp:featuredmedia":[{"embeddable":true,"href":"https:\/\/chacosintesis.com.ar\/index.php\/wp-json\/wp\/v2\/media\/25927"}],"wp:attachment":[{"href":"https:\/\/chacosintesis.com.ar\/index.php\/wp-json\/wp\/v2\/media?parent=25926"}],"wp:term":[{"taxonomy":"category","embeddable":true,"href":"https:\/\/chacosintesis.com.ar\/index.php\/wp-json\/wp\/v2\/categories?post=25926"},{"taxonomy":"post_tag","embeddable":true,"href":"https:\/\/chacosintesis.com.ar\/index.php\/wp-json\/wp\/v2\/tags?post=25926"}],"curies":[{"name":"wp","href":"https:\/\/api.w.org\/{rel}","templated":true}]}}