{"id":25922,"date":"2023-08-29T16:50:41","date_gmt":"2023-08-29T19:50:41","guid":{"rendered":"https:\/\/chacosintesis.com.ar\/?p=25922"},"modified":"2023-08-29T17:07:42","modified_gmt":"2023-08-29T20:07:42","slug":"leer-en-democracia-chaco-ofrecera-libros-al-50-por-ciento-en-su-feria-iberoamericana-del-libro","status":"publish","type":"post","link":"https:\/\/chacosintesis.com.ar\/index.php\/leer-en-democracia-chaco-ofrecera-libros-al-50-por-ciento-en-su-feria-iberoamericana-del-libro\/","title":{"rendered":"\u201cLeer en democracia\u201d: Chaco ofrecer\u00e1 libros al 50 por ciento en su Feria Iberoamericana del Libro"},"content":{"rendered":"<div class=\"postie-post\">Todas las actividades de la Feria ser\u00e1n con entrada libre y gratuita. Adem\u00e1s, los libros contar\u00e1n con descuentos del 50% en todos los ejemplares disponibles, en el Domo del Centenario de Resistencia.<br \/>\nDesde la organizaci\u00f3n destacaron el apoyo a los lectores y a toda la cadena de la industria del libro. \u201cEl Chaco es la \u00fanica provincia del pa\u00eds que ofrece libros a mitad de precio durante su feria\u201d, destacaron. Con el objetivo puesto en la promoci\u00f3n del libro y la lectura en todo el territorio, el Gobierno de la Provincia del Chaco, en un claro apoyo al fortalecimiento de las industrias culturales locales, viene impulsando pol\u00edticas para que tanto las librer\u00edas como las editoriales puedan ofrecer libros a precios m\u00e1s que accesibles.<br \/>\nEn esta edici\u00f3n 2023 participar\u00e1n Librer\u00eda y Editorial De La Paz, Librer\u00eda y Papeler\u00eda Casa Garc\u00eda, Ediciones Paulinas, Librer\u00eda Las Ca\u00f1itas, Librer\u00eda El \u00c1rbol Amarillo, Editorial Eudene \u2013 Universidad Nacional del Nordeste, Editorial Literatura Tropical, Editorial Uncaus, Editorial y Librer\u00eda Contexto, y Milka Libros.<br \/>\n\u201cEsta es una feria destinada a la familia. Los libros que est\u00e1n disponibles al 50 % son para todas las edades. Muchos pueden aprovechar para adquirir textos escolares, pero tambi\u00e9n pueden buscar contenidos de diferentes g\u00e9neros literarios que estar\u00e1n disponibles en las diez librer\u00edas\u201d, comentaron desde la organizaci\u00f3n.<br \/>\nA su vez, los organizadores tambi\u00e9n ponderaron la relaci\u00f3n de escritores locales con autores internacionales: \u201cLa Feria busca destacar el trabajo de las librer\u00edas locales y el trabajo silencioso que vienen haciendo muchos autores y autoras de la provincia. A\u00f1o tras a\u00f1o se van sumando autores locales y regionales, que van a compartir espacios con autores de Chile, Per\u00fa, Brasil y Uruguay\u201d.<br \/>\nEn la edici\u00f3n 2022 m\u00e1s de cien mil personas visitaron esta Feria Iberoamericana. Continuando con esta l\u00ednea de trabajo, la agenda y las actividades est\u00e1n puestas en favor de los lectores y las librer\u00edas locales. La Feria, que celebra m\u00e1s de quince a\u00f1os de trayectoria, es organizada por la Fundaci\u00f3n del Libro y la Cultura y el Gobierno de la Provincia del Chaco a trav\u00e9s del Instituto de Cultura y de los ministerios de Educaci\u00f3n y de Planificaci\u00f3n, Econom\u00eda e Infraestructura. La grilla completa de actividades puede consultarse en <a href=\"https:\/\/www.filchaco.com.ar\/\">www.filchaco.com.ar\/<\/a><\/div>\n","protected":false},"excerpt":{"rendered":"<p>Todas las actividades de la Feria ser\u00e1n con entrada libre y gratuita. Adem\u00e1s, los libros contar\u00e1n con descuentos del 50% en todos los ejemplares disponibles, en el Domo del Centenario de Resistencia. Desde la organizaci\u00f3n destacaron el apoyo a los lectores y a toda la cadena de la industria del libro. \u201cEl Chaco es la [&hellip;]<\/p>\n","protected":false},"author":1,"featured_media":25923,"comment_status":"closed","ping_status":"closed","sticky":false,"template":"","format":"standard","meta":{"footnotes":""},"categories":[6],"tags":[],"class_list":{"0":"post-25922","1":"post","2":"type-post","3":"status-publish","4":"format-standard","5":"has-post-thumbnail","7":"category-chaco"},"_links":{"self":[{"href":"https:\/\/chacosintesis.com.ar\/index.php\/wp-json\/wp\/v2\/posts\/25922","targetHints":{"allow":["GET"]}}],"collection":[{"href":"https:\/\/chacosintesis.com.ar\/index.php\/wp-json\/wp\/v2\/posts"}],"about":[{"href":"https:\/\/chacosintesis.com.ar\/index.php\/wp-json\/wp\/v2\/types\/post"}],"author":[{"embeddable":true,"href":"https:\/\/chacosintesis.com.ar\/index.php\/wp-json\/wp\/v2\/users\/1"}],"replies":[{"embeddable":true,"href":"https:\/\/chacosintesis.com.ar\/index.php\/wp-json\/wp\/v2\/comments?post=25922"}],"version-history":[{"count":0,"href":"https:\/\/chacosintesis.com.ar\/index.php\/wp-json\/wp\/v2\/posts\/25922\/revisions"}],"wp:featuredmedia":[{"embeddable":true,"href":"https:\/\/chacosintesis.com.ar\/index.php\/wp-json\/wp\/v2\/media\/25923"}],"wp:attachment":[{"href":"https:\/\/chacosintesis.com.ar\/index.php\/wp-json\/wp\/v2\/media?parent=25922"}],"wp:term":[{"taxonomy":"category","embeddable":true,"href":"https:\/\/chacosintesis.com.ar\/index.php\/wp-json\/wp\/v2\/categories?post=25922"},{"taxonomy":"post_tag","embeddable":true,"href":"https:\/\/chacosintesis.com.ar\/index.php\/wp-json\/wp\/v2\/tags?post=25922"}],"curies":[{"name":"wp","href":"https:\/\/api.w.org\/{rel}","templated":true}]}}