{"id":25920,"date":"2023-08-29T16:49:26","date_gmt":"2023-08-29T19:49:26","guid":{"rendered":"https:\/\/chacosintesis.com.ar\/?p=25920"},"modified":"2023-08-29T17:07:36","modified_gmt":"2023-08-29T20:07:36","slug":"las-obras-del-puerto-las-palmas-se-encuentran-en-la-ultima-etapa","status":"publish","type":"post","link":"https:\/\/chacosintesis.com.ar\/index.php\/las-obras-del-puerto-las-palmas-se-encuentran-en-la-ultima-etapa\/","title":{"rendered":"Las obras del Puerto Las Palmas se encuentran en la \u00faltima etapa"},"content":{"rendered":"<div class=\"postie-post\">\u201cEstamos trabajando en los \u00faltimos detalles de la apertura del puerto para sus operaciones\u201d, cont\u00f3 la administradora, en di\u00e1logo con Radio Provincia del Chaco.<br \/>\nEsta ma\u00f1ana, Constanza Prause, administradora del Puerto Las Palmas dialog\u00f3 con Radio Provincia del Chaco acerca de los avances de las obras. \u201cEst\u00e1n llegando a su fin, faltan muy poquitos detalles\u201d, destac\u00f3.<br \/>\n\u201cEstamos organizando para la semana que viene o la pr\u00f3xima la inauguraci\u00f3n que, hasta el momento ser\u00eda el 7\u201d, adelant\u00f3 Prause y agreg\u00f3: \u201cTrabajamos en los \u00faltimos detalles de lo que va a ser la apertura del puerto para sus operaciones\u201d.<br \/>\nEn este sentido, la administradora del Puerto Las Palmas, destac\u00f3 que \u201ces un trabajo de mucho tiempo, no solamente esta obra que estamos por inaugurar ahora, que justamente es la obra de la terminal de carga puerto Las Palmas\u201d. \u201cSon todas las obras intraprediales que comenzamos en la gesti\u00f3n de gobernador Jorge Milton capitanich, como el plat\u00f3n de carga, las oficinas, el galp\u00f3n techado, el galp\u00f3n de verificaci\u00f3n tambi\u00e9n para aduana, el ingreso y la obra del acceso al Puerto Las Palmas\u201d, especific\u00f3.<br \/>\n\u201cQuiero resaltar la necesidad de la planificaci\u00f3n en estas obras que son tan grandes y que tienen que ver con la unificaci\u00f3n de muchas peque\u00f1as obras\u201d, expres\u00f3 Prause. \u201cSe unieron diferentes financiamientos y documentaciones para llegar al d\u00eda de hoy a terminar la obra con un puerto con el permiso de amarre habilitado y con v\u00edas navegables\u201d, remarc\u00f3.<br \/>\nEn relaci\u00f3n a ello, la administradora explic\u00f3: \u201cingresamos toda la documentaci\u00f3n para la habilitaci\u00f3n de aduana y hoy estamos ya ingresando la documentaci\u00f3n para lo que va a ser la habilitaci\u00f3n final del puerto\u201d. \u201cEs un trabajo que tiene que ver con las obras f\u00edsicas, pero tambi\u00e9n con un gran camino documental\u201d, destac\u00f3.<br \/>\n\u201cComercialmente se arranca cuando la aduana puede ir a operar y se pueden empezar a hacer operaciones\u201d, coment\u00f3 Prause y agreg\u00f3:  \u201ces como cualquier operaci\u00f3n comercial, se empieza a negociar el precio, el servicio\u201d.  \u201cPrimero se empieza con las operaciones terrestres, con respecto a las barcazas, es un poquito m\u00e1s complicado. Es un paso m\u00e1s all\u00e1 que tambi\u00e9n estamos preparando\u201d, asegur\u00f3.<\/div>\n","protected":false},"excerpt":{"rendered":"<p>\u201cEstamos trabajando en los \u00faltimos detalles de la apertura del puerto para sus operaciones\u201d, cont\u00f3 la administradora, en di\u00e1logo con Radio Provincia del Chaco. Esta ma\u00f1ana, Constanza Prause, administradora del Puerto Las Palmas dialog\u00f3 con Radio Provincia del Chaco acerca de los avances de las obras. \u201cEst\u00e1n llegando a su fin, faltan muy poquitos detalles\u201d, [&hellip;]<\/p>\n","protected":false},"author":1,"featured_media":25921,"comment_status":"closed","ping_status":"closed","sticky":false,"template":"","format":"standard","meta":{"footnotes":""},"categories":[6],"tags":[],"class_list":{"0":"post-25920","1":"post","2":"type-post","3":"status-publish","4":"format-standard","5":"has-post-thumbnail","7":"category-chaco"},"_links":{"self":[{"href":"https:\/\/chacosintesis.com.ar\/index.php\/wp-json\/wp\/v2\/posts\/25920","targetHints":{"allow":["GET"]}}],"collection":[{"href":"https:\/\/chacosintesis.com.ar\/index.php\/wp-json\/wp\/v2\/posts"}],"about":[{"href":"https:\/\/chacosintesis.com.ar\/index.php\/wp-json\/wp\/v2\/types\/post"}],"author":[{"embeddable":true,"href":"https:\/\/chacosintesis.com.ar\/index.php\/wp-json\/wp\/v2\/users\/1"}],"replies":[{"embeddable":true,"href":"https:\/\/chacosintesis.com.ar\/index.php\/wp-json\/wp\/v2\/comments?post=25920"}],"version-history":[{"count":0,"href":"https:\/\/chacosintesis.com.ar\/index.php\/wp-json\/wp\/v2\/posts\/25920\/revisions"}],"wp:featuredmedia":[{"embeddable":true,"href":"https:\/\/chacosintesis.com.ar\/index.php\/wp-json\/wp\/v2\/media\/25921"}],"wp:attachment":[{"href":"https:\/\/chacosintesis.com.ar\/index.php\/wp-json\/wp\/v2\/media?parent=25920"}],"wp:term":[{"taxonomy":"category","embeddable":true,"href":"https:\/\/chacosintesis.com.ar\/index.php\/wp-json\/wp\/v2\/categories?post=25920"},{"taxonomy":"post_tag","embeddable":true,"href":"https:\/\/chacosintesis.com.ar\/index.php\/wp-json\/wp\/v2\/tags?post=25920"}],"curies":[{"name":"wp","href":"https:\/\/api.w.org\/{rel}","templated":true}]}}