{"id":25914,"date":"2023-08-29T16:39:58","date_gmt":"2023-08-29T19:39:58","guid":{"rendered":"https:\/\/chacosintesis.com.ar\/?p=25914"},"modified":"2023-08-29T17:07:15","modified_gmt":"2023-08-29T20:07:15","slug":"en-septiembre-continuan-los-mercados-populares","status":"publish","type":"post","link":"https:\/\/chacosintesis.com.ar\/index.php\/en-septiembre-continuan-los-mercados-populares\/","title":{"rendered":"En septiembre contin\u00faan los Mercados Populares"},"content":{"rendered":"<div class=\"postie-post\">El Ministerio de Desarrollo Social informa d\u00edas y horarios de los operativos de comercializaci\u00f3n de alimentos frescos, producciones y artesan\u00edas de las y los emprendedores y unidades productivas chaque\u00f1as.<br \/>\n Los Mercados Populares se desarrollar\u00e1n el viernes 1 de septiembre en Plaza Paseo Sur (Avenida Belgrano y calle Falucho), s\u00e1bado 2 en Plaza de la Integraci\u00f3n (intersecci\u00f3n de Avenidas 9 de Julio y Espa\u00f1a), siempre en el horario de 9 a 13. Los operativos seguir\u00e1n la semana siguiente: viernes 8 en Campus UNNE Resistencia (Las Heras 727), y el s\u00e1bado 9 en CECUAL (Santa Mar\u00eda de Oro 471). El Gobierno promueve as\u00ed la comercializaci\u00f3n de alimentos y productos de calidad, 100% chaque\u00f1os y a precios justos. Se podr\u00e1n adquirir tipos variados de cortes de carnes, pescados, panificados, verduras, huevos, l\u00e1cteos, conservas, artesan\u00edas y producciones realizadas por emprendedores locales y unidades productivas que articulan tanto con la cartera social como con el Instituto de Agricultura Familiar y Econom\u00eda Popular del Chaco (IAFEP). Adem\u00e1s, la Unidad Ejecutora de Pol\u00edticas Sociales brinda peri\u00f3dicamente a las y los emprendedores, capacitaciones sobre educaci\u00f3n financiera y tributaria, entre otras estrategias para posicionamiento de productos por canales digitales, con el objetivo de incrementar las ventas y aumentar oportunidades de trabajo autogestado, fortaleciendo la econom\u00eda social y popular. En estas ediciones de Mercados Populares en la capital provincial, durante los viernes de septiembre, se sumar\u00e1n equipos del Ministerio de Salud P\u00fablica, con postas sanitarias de vacunaci\u00f3n para vecinas y vecinos interesados.<\/p>\n<p>Fomentar proyectos productivos<\/p>\n<p>El Ministerio de Desarrollo Social y el IAFEP articulan con municipios de toda la provincia, a fin de posibilitar m\u00e1s oportunidades de producci\u00f3n, elaboraci\u00f3n, comercializaci\u00f3n y adquisici\u00f3n de productos chaque\u00f1os de primera calidad, sin intermediaci\u00f3n y a precios justos, buscando garantizar el acompa\u00f1amiento integral a familias emprendedoras y a unidades productivas, para que cuenten con espacios adecuados y mayores posibilidades de comercializaci\u00f3n en ferias locales, mercados y almacenes populares.<\/p>\n<p>Incorporaci\u00f3n de emprendimientos<br \/>\nLas y los emprendedores interesados en participar de los Mercados Populares, deben ingresar a <a href=\"https:\/\/emprendemos.chaco.gob.ar\/\">emprendemos.chaco.gob.ar\/<\/a>, o bien acercarse a los municipios adheridos. En Resistencia dirigirse a avenida San Mart\u00edn 266, sede de la Unidad Ejecutora de Pol\u00edticas Sociales, comunicarse por tel\u00e9fono al 362-4742371, o bien por correo electr\u00f3nico a: <a href=\"mailto:emprendemostodos@chaco.gob.ar\" >emprendemostodos@chaco.gob.ar<\/a><\/p>\n<p>Traslado gratuito a los operativos<br \/>\nPara facilitar el acceso a los Mercados Populares, la Subsecretar\u00eda de Transporte dispuso el traslado gratuito en las l\u00edneas de colectivos 110, 106 A y B, exclusivamente en dos horarios: 9 y 12.30, resultando el viaje sin costo solamente en unidades identificadas.<\/p><\/div>\n","protected":false},"excerpt":{"rendered":"<p>El Ministerio de Desarrollo Social informa d\u00edas y horarios de los operativos de comercializaci\u00f3n de alimentos frescos, producciones y artesan\u00edas de las y los emprendedores y unidades productivas chaque\u00f1as. Los Mercados Populares se desarrollar\u00e1n el viernes 1 de septiembre en Plaza Paseo Sur (Avenida Belgrano y calle Falucho), s\u00e1bado 2 en Plaza de la Integraci\u00f3n [&hellip;]<\/p>\n","protected":false},"author":1,"featured_media":25915,"comment_status":"closed","ping_status":"closed","sticky":false,"template":"","format":"standard","meta":{"footnotes":""},"categories":[6],"tags":[],"class_list":{"0":"post-25914","1":"post","2":"type-post","3":"status-publish","4":"format-standard","5":"has-post-thumbnail","7":"category-chaco"},"_links":{"self":[{"href":"https:\/\/chacosintesis.com.ar\/index.php\/wp-json\/wp\/v2\/posts\/25914","targetHints":{"allow":["GET"]}}],"collection":[{"href":"https:\/\/chacosintesis.com.ar\/index.php\/wp-json\/wp\/v2\/posts"}],"about":[{"href":"https:\/\/chacosintesis.com.ar\/index.php\/wp-json\/wp\/v2\/types\/post"}],"author":[{"embeddable":true,"href":"https:\/\/chacosintesis.com.ar\/index.php\/wp-json\/wp\/v2\/users\/1"}],"replies":[{"embeddable":true,"href":"https:\/\/chacosintesis.com.ar\/index.php\/wp-json\/wp\/v2\/comments?post=25914"}],"version-history":[{"count":0,"href":"https:\/\/chacosintesis.com.ar\/index.php\/wp-json\/wp\/v2\/posts\/25914\/revisions"}],"wp:featuredmedia":[{"embeddable":true,"href":"https:\/\/chacosintesis.com.ar\/index.php\/wp-json\/wp\/v2\/media\/25915"}],"wp:attachment":[{"href":"https:\/\/chacosintesis.com.ar\/index.php\/wp-json\/wp\/v2\/media?parent=25914"}],"wp:term":[{"taxonomy":"category","embeddable":true,"href":"https:\/\/chacosintesis.com.ar\/index.php\/wp-json\/wp\/v2\/categories?post=25914"},{"taxonomy":"post_tag","embeddable":true,"href":"https:\/\/chacosintesis.com.ar\/index.php\/wp-json\/wp\/v2\/tags?post=25914"}],"curies":[{"name":"wp","href":"https:\/\/api.w.org\/{rel}","templated":true}]}}