{"id":25910,"date":"2023-08-29T16:33:56","date_gmt":"2023-08-29T19:33:56","guid":{"rendered":"https:\/\/chacosintesis.com.ar\/?p=25910"},"modified":"2023-08-29T16:38:14","modified_gmt":"2023-08-29T19:38:14","slug":"personal-de-salud-publica-pide-apertura-de-paritaria-especifica-para-el-sector","status":"publish","type":"post","link":"https:\/\/chacosintesis.com.ar\/index.php\/personal-de-salud-publica-pide-apertura-de-paritaria-especifica-para-el-sector\/","title":{"rendered":"Personal de Salud P\u00fablica pide apertura de paritaria espec\u00edfica para el sector"},"content":{"rendered":"<div class=\"postie-post\">La secretaria general de la Asociaci\u00f3n de Profesionales, T\u00e9cnicos y Auxiliares de Salud P\u00fablica de la Provincia del Chaco (APTASCH) se refiri\u00f3 a los pr\u00f3ximos aumentos salariales.<br \/>\nMario Bustamante, secretario general de ATE, y Ramona L\u00f3pez, secretaria general de la Asociaci\u00f3n de Profesionales, T\u00e9cnicos y Auxiliares de Salud P\u00fablica de la Provincia del Chaco (APTASCH), dialogaron con Radio Provincia del Chaco y se refirieron a las medidas econ\u00f3micas anunciadas por el ministro de Econom\u00eda de la Naci\u00f3n, Sergio Massa, sobre el pago de $60.000 para trabajadores y trabajadoras del sector p\u00fablico y privado. En este sentido, ambos secretarios analizaron los anuncios y dieron su opini\u00f3n sobre las diferentes propuestas.<br \/>\nBustamante manifest\u00f3 que, si bien \u201ccualquier aliciente al bolsillo de la familia estatal es fant\u00e1stica\u201d, considera que \u201ces una enorme falla si la provincia no se hace cargo del bono o los municipios est\u00e1n cobrando la mitad de lo que cobra un trabajador provincial\u201d. \u201cNosotros cumplimos con nuestros afiliados y afiliadas, la realidad es que esta situaci\u00f3n que vulnera absolutamente el bolsillo de nuestros trabajadores y trabajadoras estatales tiene que ser compensada\u201d, expres\u00f3.<br \/>\nAsimismo, dijo que \u201cla inflaci\u00f3n no termina de ser contenida\u201d, sino que \u201csigue en su paso firme\u201d. Adem\u00e1s, asegur\u00f3 que ser\u00e1 de un 12% la cifra que dar\u00e1 en septiembre en relaci\u00f3n al mes de agosto. Por esto, expres\u00f3: \u201cNosotros dijimos que el 8% para los provinciales es insuficiente. Que ese 12% reci\u00e9n a finales de octubre o principios de noviembre va a quedar absolutamente rezagado\u201d. \u201cVamos a pedir que en la SIAp se trate las sectoriales, que viene absolutamente desuniforme, donde hay fuertes desigualdades y, obviamente, el adelantamiento de ese 12% y tambi\u00e9n que se otorgue a los provinciales el bono\u201d, concluy\u00f3.<br \/>\nPor su parte, la secretaria general L\u00f3pez expres\u00f3: \u201cEl motivo es que pedimos el otorgamiento de la dedicaci\u00f3n exclusiva, una bonificaci\u00f3n que los trabajadores de Salud P\u00fablica solicitan y se les otorga por necesidad de servicio, para no estar sobrecargado haciendo guardias en el sistema\u201d. La medida de paro ser\u00e1 de 72 horas en toda el \u00e1rea de Salud P\u00fablica de la provincia.<br \/>\nAsimismo, el sector rechaza el aumento del 8% porque lo considera \u201cinsuficiente para cubrir la canasta b\u00e1sica\u201d. \u201cEl sector Salud es altamente profesionalizado y requiere, por consiguiente, una paritaria espec\u00edfica\u201d. Adem\u00e1s, agreg\u00f3 que solicitar\u00e1n el aumento de la base de c\u00e1lculo que son bonificaciones anuales como parte de la oferta salarial sectorial dentro del sistema sanitario, y la firma de la carrera sanitaria. \u201cEstamos aqu\u00ed en la calle porque el gobernador no cumpli\u00f3 con su palabra\u201d, manifest\u00f3.<br \/>\nPor \u00faltimo, adem\u00e1s de pedir por una mesa espec\u00edfica en la SIAp, L\u00f3pez asegur\u00f3 que el sector rechaza los bonos anunciados por el ministro de Econom\u00eda. &#8220;Nosotros pedimos aumentos reales, aumentos al b\u00e1sico, que es lo que se traduce para el jubilado, para el retirado, para los contratados de servicio\u201d, concluy\u00f3.<\/div>\n","protected":false},"excerpt":{"rendered":"<p>La secretaria general de la Asociaci\u00f3n de Profesionales, T\u00e9cnicos y Auxiliares de Salud P\u00fablica de la Provincia del Chaco (APTASCH) se refiri\u00f3 a los pr\u00f3ximos aumentos salariales. Mario Bustamante, secretario general de ATE, y Ramona L\u00f3pez, secretaria general de la Asociaci\u00f3n de Profesionales, T\u00e9cnicos y Auxiliares de Salud P\u00fablica de la Provincia del Chaco (APTASCH), [&hellip;]<\/p>\n","protected":false},"author":1,"featured_media":25911,"comment_status":"closed","ping_status":"closed","sticky":false,"template":"","format":"standard","meta":{"footnotes":""},"categories":[6],"tags":[],"class_list":{"0":"post-25910","1":"post","2":"type-post","3":"status-publish","4":"format-standard","5":"has-post-thumbnail","7":"category-chaco"},"_links":{"self":[{"href":"https:\/\/chacosintesis.com.ar\/index.php\/wp-json\/wp\/v2\/posts\/25910","targetHints":{"allow":["GET"]}}],"collection":[{"href":"https:\/\/chacosintesis.com.ar\/index.php\/wp-json\/wp\/v2\/posts"}],"about":[{"href":"https:\/\/chacosintesis.com.ar\/index.php\/wp-json\/wp\/v2\/types\/post"}],"author":[{"embeddable":true,"href":"https:\/\/chacosintesis.com.ar\/index.php\/wp-json\/wp\/v2\/users\/1"}],"replies":[{"embeddable":true,"href":"https:\/\/chacosintesis.com.ar\/index.php\/wp-json\/wp\/v2\/comments?post=25910"}],"version-history":[{"count":0,"href":"https:\/\/chacosintesis.com.ar\/index.php\/wp-json\/wp\/v2\/posts\/25910\/revisions"}],"wp:featuredmedia":[{"embeddable":true,"href":"https:\/\/chacosintesis.com.ar\/index.php\/wp-json\/wp\/v2\/media\/25911"}],"wp:attachment":[{"href":"https:\/\/chacosintesis.com.ar\/index.php\/wp-json\/wp\/v2\/media?parent=25910"}],"wp:term":[{"taxonomy":"category","embeddable":true,"href":"https:\/\/chacosintesis.com.ar\/index.php\/wp-json\/wp\/v2\/categories?post=25910"},{"taxonomy":"post_tag","embeddable":true,"href":"https:\/\/chacosintesis.com.ar\/index.php\/wp-json\/wp\/v2\/tags?post=25910"}],"curies":[{"name":"wp","href":"https:\/\/api.w.org\/{rel}","templated":true}]}}