{"id":25890,"date":"2023-08-29T16:06:28","date_gmt":"2023-08-29T19:06:28","guid":{"rendered":"https:\/\/chacosintesis.com.ar\/?p=25890"},"modified":"2023-08-29T16:37:23","modified_gmt":"2023-08-29T19:37:23","slug":"este-viernes-comienza-la-cuarta-edicion-del-festiguiso","status":"publish","type":"post","link":"https:\/\/chacosintesis.com.ar\/index.php\/este-viernes-comienza-la-cuarta-edicion-del-festiguiso\/","title":{"rendered":"Este viernes comienza la cuarta edici\u00f3n del Festiguiso"},"content":{"rendered":"<div class=\"postie-post\">Habr\u00e1 shows musicales y de danza y emprendimientos productivos y artesanales. Tambi\u00e9n se realizar\u00e1 el \u201cFestiguisito\u201d, con la participaci\u00f3n de ni\u00f1as y ni\u00f1os.<br \/>\nLos institutos de Turismo y de Cultura de la provincia presentaron, junto a los organizadores, la cuarta edici\u00f3n del Festiguiso, que se realizar\u00e1 el 1 y 2 de septiembre en el Centro Cultural Municipal de Puerto Tirol con la participaci\u00f3n de 30 cocineras y cocineros de Chaco y Corrientes. En ese marco se realizar\u00e1 tambi\u00e9n el \u201cFestiguisito\u201d de ni\u00f1as y ni\u00f1os. Habr\u00e1 shows musicales y de danza y emprendimientos productivos y artesanales. Del lanzamiento particip\u00f3 el presidente del Instituto de Cultura Francisco Tete Romero, el diputado provincial Hugo Sager, el director de Promoci\u00f3n y Marketing del ITCh Jorge S\u00e1nchez, los organizadores Favio Garcia y Alexander P\u00e9rtile, y Pedro Quiroga como parte del jurado. La competencia estar\u00e1 integrada por grupos de tres cocineros y cocineras, lo que permitir\u00e1 disfrutar de 30 recetas diferentes de esta tradicional comida. Las porciones se comercializar\u00e1n con un costo de alrededor de $800. Adem\u00e1s se desarrollar\u00e1 el \u201cFestiguisito\u201d con la participaci\u00f3n de 10 ni\u00f1as y ni\u00f1os. Romero remarc\u00f3 la importancia de la gastronom\u00eda para la cultura y el turismo en la provincia. \u201cLas pol\u00edticas p\u00fablicas tanto de turismo y cultura est\u00e1n comprometidas a fortalecer las iniciativas que favorezcan el desarrollo social comunitario, cada evento cultural es un hecho tur\u00edstico y Tirol es faro de la cultura del Chaco, con sus expresiones murgueras o la Orquesta Infanto Juvenil\u201d, subray\u00f3. El director de Promoci\u00f3n y Marketing del ITCh Jorge S\u00e1nchez destac\u00f3 este tipo de eventos como una oportunidad de promover la identidad y la cultura chaque\u00f1a, \u201cy llevarla a las manos de las y los visitantes\u201d. En tanto Garc\u00eda celebr\u00f3 el crecimiento del festival y agradeci\u00f3 el apoyo de la provincia. \u201cFue algo que comenz\u00f3 entre amigos y hoy tiene este formato de festival provincial\u201d, sostuvo. El jurado Pedro Quiroga se\u00f1al\u00f3 que se evaluar\u00e1 el conjunto de sabores: la carne, la verdura y los cortes en las variedades de esta comida t\u00edpica. \u201cQueremos decirles a las y los concursantes que identifiquen un sabor \u00fanico en el plato y una textura que identifique a cada receta, es un evento que recomiendo para toda la familia, que refleja la incre\u00edble pasi\u00f3n de un pueblo que festeja con los sabores de la regi\u00f3n\u201d, expres\u00f3. Por \u00faltimo Sager invit\u00f3 a disfrutar del evento \u201cen la localidad donde se complementa con el chamam\u00e9, los eventos culturales, y las y los emprendedores; aportando al crecimiento del pueblo\u201d.<\/div>\n","protected":false},"excerpt":{"rendered":"<p>Habr\u00e1 shows musicales y de danza y emprendimientos productivos y artesanales. Tambi\u00e9n se realizar\u00e1 el \u201cFestiguisito\u201d, con la participaci\u00f3n de ni\u00f1as y ni\u00f1os. Los institutos de Turismo y de Cultura de la provincia presentaron, junto a los organizadores, la cuarta edici\u00f3n del Festiguiso, que se realizar\u00e1 el 1 y 2 de septiembre en el Centro [&hellip;]<\/p>\n","protected":false},"author":1,"featured_media":25891,"comment_status":"closed","ping_status":"closed","sticky":false,"template":"","format":"standard","meta":{"footnotes":""},"categories":[6],"tags":[],"class_list":{"0":"post-25890","1":"post","2":"type-post","3":"status-publish","4":"format-standard","5":"has-post-thumbnail","7":"category-chaco"},"_links":{"self":[{"href":"https:\/\/chacosintesis.com.ar\/index.php\/wp-json\/wp\/v2\/posts\/25890","targetHints":{"allow":["GET"]}}],"collection":[{"href":"https:\/\/chacosintesis.com.ar\/index.php\/wp-json\/wp\/v2\/posts"}],"about":[{"href":"https:\/\/chacosintesis.com.ar\/index.php\/wp-json\/wp\/v2\/types\/post"}],"author":[{"embeddable":true,"href":"https:\/\/chacosintesis.com.ar\/index.php\/wp-json\/wp\/v2\/users\/1"}],"replies":[{"embeddable":true,"href":"https:\/\/chacosintesis.com.ar\/index.php\/wp-json\/wp\/v2\/comments?post=25890"}],"version-history":[{"count":0,"href":"https:\/\/chacosintesis.com.ar\/index.php\/wp-json\/wp\/v2\/posts\/25890\/revisions"}],"wp:featuredmedia":[{"embeddable":true,"href":"https:\/\/chacosintesis.com.ar\/index.php\/wp-json\/wp\/v2\/media\/25891"}],"wp:attachment":[{"href":"https:\/\/chacosintesis.com.ar\/index.php\/wp-json\/wp\/v2\/media?parent=25890"}],"wp:term":[{"taxonomy":"category","embeddable":true,"href":"https:\/\/chacosintesis.com.ar\/index.php\/wp-json\/wp\/v2\/categories?post=25890"},{"taxonomy":"post_tag","embeddable":true,"href":"https:\/\/chacosintesis.com.ar\/index.php\/wp-json\/wp\/v2\/tags?post=25890"}],"curies":[{"name":"wp","href":"https:\/\/api.w.org\/{rel}","templated":true}]}}