{"id":25886,"date":"2023-08-29T16:02:47","date_gmt":"2023-08-29T19:02:47","guid":{"rendered":"https:\/\/chacosintesis.com.ar\/?p=25886"},"modified":"2023-08-29T16:06:44","modified_gmt":"2023-08-29T19:06:44","slug":"zalazar-en-los-proximos-20-dias-estariamos-realizando-la-audiencia-publica","status":"publish","type":"post","link":"https:\/\/chacosintesis.com.ar\/index.php\/zalazar-en-los-proximos-20-dias-estariamos-realizando-la-audiencia-publica\/","title":{"rendered":"Zalazar: \u201cEn los pr\u00f3ximos 20 d\u00edas estar\u00edamos realizando la audiencia p\u00fablica\u201d"},"content":{"rendered":"<div class=\"postie-post\">El presidente del Consejo de la Magistratura cont\u00f3 c\u00f3mo avanza el concurso para ocupar el cargo de juez del Superior Tribunal de Justicia y asegur\u00f3 que la audiencia p\u00fablica se realizar\u00e1 dentro de los pr\u00f3ximos 30 d\u00edas.<br \/>\nDaniel Zalazar, presidente del Consejo de la Magistratura, dialog\u00f3 con Radio Provincia del Chaco sobre c\u00f3mo avanza la recta final para ocupar el cargo de Juez del Superior Tribunal de Justicia (STJ), quien ser\u00e1 el futuro representante el doctor Rolando Toledo tras su renuncia en diciembre de 2022. \u201cEn la sesi\u00f3n del jueves estar\u00edamos se\u00f1alando la fecha de la realizaci\u00f3n de la audiencia p\u00fablica\u201d, expres\u00f3.<br \/>\nEn este sentido, el magistrado explic\u00f3 que la fecha debe estar comprendida entre los 30 d\u00edas desde la publicaci\u00f3n de la n\u00f3mina con los postulantes que quedaron en el concurso, la cual se realiz\u00f3 el viernes pasado. \u201cCreo que en los pr\u00f3ximos 20 d\u00edas estar\u00edamos realizando la audiencia p\u00fablica y luego de eso ya comienzan las rondas de propuestas y de votaci\u00f3n de cada uno de los consejeros para proponer qui\u00e9n va a ocupar esa vacante\u201d, detall\u00f3.<br \/>\nSobre el mecanismo de selecci\u00f3n, destac\u00f3 el \u201cinvolucramiento de la comunidad en la valoraci\u00f3n y la opini\u00f3n de los postulantes\u201d. \u201cCreo que como provincia podemos jactarnos de que tenemos un procedimiento que aporta calidad institucional e imparcialidad\u201d, manifest\u00f3 Zalazar, y agreg\u00f3: \u201cQuien resulte designado para ocupar el m\u00e1s alto cargo de la cabeza del Poder Judicial sea una persona que, sobre todo, tenga una idoneidad t\u00e9cnica y aparte que tenga una capacidad para gestionar el poder tan necesario para el funcionamiento de nuestra sociedad\u201d.<br \/>\nSobre los postulantes que cuentan con posibilidades de integrar lo m\u00e1s alto del poder judicial, Zalazar coment\u00f3 que son 10 personas las que participar\u00e1n de esta audiencia p\u00fablica. \u201cEn el a\u00f1o 2021 se hizo el \u00faltimo concurso y ocho personas hicieron reserva para poder participar de este concurso. A esos ocho postulantes se le sumaron el doctor Fabi\u00e1n Amarilla y la doctora Dolly Fern\u00e1ndez\u201d, explic\u00f3.<\/div>\n","protected":false},"excerpt":{"rendered":"<p>El presidente del Consejo de la Magistratura cont\u00f3 c\u00f3mo avanza el concurso para ocupar el cargo de juez del Superior Tribunal de Justicia y asegur\u00f3 que la audiencia p\u00fablica se realizar\u00e1 dentro de los pr\u00f3ximos 30 d\u00edas. Daniel Zalazar, presidente del Consejo de la Magistratura, dialog\u00f3 con Radio Provincia del Chaco sobre c\u00f3mo avanza la [&hellip;]<\/p>\n","protected":false},"author":1,"featured_media":25887,"comment_status":"closed","ping_status":"closed","sticky":false,"template":"","format":"standard","meta":{"footnotes":""},"categories":[6],"tags":[],"class_list":{"0":"post-25886","1":"post","2":"type-post","3":"status-publish","4":"format-standard","5":"has-post-thumbnail","7":"category-chaco"},"_links":{"self":[{"href":"https:\/\/chacosintesis.com.ar\/index.php\/wp-json\/wp\/v2\/posts\/25886","targetHints":{"allow":["GET"]}}],"collection":[{"href":"https:\/\/chacosintesis.com.ar\/index.php\/wp-json\/wp\/v2\/posts"}],"about":[{"href":"https:\/\/chacosintesis.com.ar\/index.php\/wp-json\/wp\/v2\/types\/post"}],"author":[{"embeddable":true,"href":"https:\/\/chacosintesis.com.ar\/index.php\/wp-json\/wp\/v2\/users\/1"}],"replies":[{"embeddable":true,"href":"https:\/\/chacosintesis.com.ar\/index.php\/wp-json\/wp\/v2\/comments?post=25886"}],"version-history":[{"count":0,"href":"https:\/\/chacosintesis.com.ar\/index.php\/wp-json\/wp\/v2\/posts\/25886\/revisions"}],"wp:featuredmedia":[{"embeddable":true,"href":"https:\/\/chacosintesis.com.ar\/index.php\/wp-json\/wp\/v2\/media\/25887"}],"wp:attachment":[{"href":"https:\/\/chacosintesis.com.ar\/index.php\/wp-json\/wp\/v2\/media?parent=25886"}],"wp:term":[{"taxonomy":"category","embeddable":true,"href":"https:\/\/chacosintesis.com.ar\/index.php\/wp-json\/wp\/v2\/categories?post=25886"},{"taxonomy":"post_tag","embeddable":true,"href":"https:\/\/chacosintesis.com.ar\/index.php\/wp-json\/wp\/v2\/tags?post=25886"}],"curies":[{"name":"wp","href":"https:\/\/api.w.org\/{rel}","templated":true}]}}