{"id":25884,"date":"2023-08-29T16:01:18","date_gmt":"2023-08-29T19:01:18","guid":{"rendered":"https:\/\/chacosintesis.com.ar\/?p=25884"},"modified":"2023-08-29T16:06:39","modified_gmt":"2023-08-29T19:06:39","slug":"chaco-sera-sede-del-seminario-federal-del-instituto-nacional-de-formacion-docente","status":"publish","type":"post","link":"https:\/\/chacosintesis.com.ar\/index.php\/chaco-sera-sede-del-seminario-federal-del-instituto-nacional-de-formacion-docente\/","title":{"rendered":"Chaco ser\u00e1 sede del Seminario Federal del Instituto Nacional de Formaci\u00f3n Docente"},"content":{"rendered":"<div class=\"postie-post\">El 1 de septiembre el INFOD llevar\u00e1 adelante desde Resistencia el Seminario Federal Itinerante -de manera presencial y\/o virtual-, destinado a equipos directivos, docentes, supervisores\/as y estudiantes de todos los niveles obligatorios y sus modalidades, as\u00ed como el nivel Superior, de todo el pa\u00eds.<br \/>\nEl pr\u00f3ximo viernes 1 de septiembre se realizar\u00e1 el Segundo Seminario Federal Itinerante, \u201cTrayectorias vitales, experiencias formativas y dispositivos de acompa\u00f1amiento: sujetos en formaci\u00f3n, saberes institucionales y pr\u00e1cticas pedag\u00f3gicas\u201d. El encuentro gratuito se desarrollar\u00e1, de 8 a 16, en el Centro de Convenciones Gala de Resistencia.<br \/>\nDesde el Ministerio de Educaci\u00f3n, Cultura, Ciencia y Tecnolog\u00eda se inform\u00f3 que el seminario est\u00e1 destinado a equipos directivos, docentes, supervisoras\/es y estudiantes de los niveles y modalidades obligatorios y de Nivel Superior, autoridades jurisdiccionales\/equipos t\u00e9cnicos, equipos de Formaci\u00f3n Docente e Investigaci\u00f3n y de Educaci\u00f3n Superior. El objetivo central es relevar, problematizar, debatir y construir consensos y distinciones en torno a cuestiones que deben fortalecerse en las dimensiones pedag\u00f3gicas medulares de la formaci\u00f3n inicial de los docentes en la Rep\u00fablica Argentina.<br \/>\nLa propuesta del Instituto Nacional de Formaci\u00f3n Docente (INFoD), es organizada a nivel jurisdiccional a trav\u00e9s de la Subsecretar\u00eda de Formaci\u00f3n Docente e Investigaci\u00f3n Educativa de la cartera educativa. Para participar, es necesario completar el siguiente formulario de inscripci\u00f3n: <a href=\"https:\/\/forms.gle\/u7JBNMF7Y67tHKDu5\">forms.gle\/u7JBNMF7Y67tHKDu5<\/a><\/p>\n<p>Propuesta<\/p>\n<p>Este Seminario Federal consta de cinco encuentros, que se realizan en las distintas regiones del pa\u00eds de forma presencial y virtual, a trav\u00e9s del canal de YouTube del INFOD. Mediante su formato itinerante busca favorecer la amplia participaci\u00f3n y pluralidad de voces en el debate.<br \/>\nCada encuentro o seminario combinar\u00e1 diversos formatos y dispositivos de presentaci\u00f3n (conferencias magistrales y comentadas; mesas redondas, foros y paneles de intercambio; conversatorios, di\u00e1logos y entrevistas) y contar\u00e1 a su vez con la presencia de disertantes de diversas inscripciones institucionales: autoridades, investigadoras\/es, especialistas, docentes y estudiantes convocadas\/os por tem\u00e1tica o problema a tratar.<\/p><\/div>\n","protected":false},"excerpt":{"rendered":"<p>El 1 de septiembre el INFOD llevar\u00e1 adelante desde Resistencia el Seminario Federal Itinerante -de manera presencial y\/o virtual-, destinado a equipos directivos, docentes, supervisores\/as y estudiantes de todos los niveles obligatorios y sus modalidades, as\u00ed como el nivel Superior, de todo el pa\u00eds. El pr\u00f3ximo viernes 1 de septiembre se realizar\u00e1 el Segundo Seminario [&hellip;]<\/p>\n","protected":false},"author":1,"featured_media":25885,"comment_status":"closed","ping_status":"closed","sticky":false,"template":"","format":"standard","meta":{"footnotes":""},"categories":[6],"tags":[],"class_list":{"0":"post-25884","1":"post","2":"type-post","3":"status-publish","4":"format-standard","5":"has-post-thumbnail","7":"category-chaco"},"_links":{"self":[{"href":"https:\/\/chacosintesis.com.ar\/index.php\/wp-json\/wp\/v2\/posts\/25884","targetHints":{"allow":["GET"]}}],"collection":[{"href":"https:\/\/chacosintesis.com.ar\/index.php\/wp-json\/wp\/v2\/posts"}],"about":[{"href":"https:\/\/chacosintesis.com.ar\/index.php\/wp-json\/wp\/v2\/types\/post"}],"author":[{"embeddable":true,"href":"https:\/\/chacosintesis.com.ar\/index.php\/wp-json\/wp\/v2\/users\/1"}],"replies":[{"embeddable":true,"href":"https:\/\/chacosintesis.com.ar\/index.php\/wp-json\/wp\/v2\/comments?post=25884"}],"version-history":[{"count":0,"href":"https:\/\/chacosintesis.com.ar\/index.php\/wp-json\/wp\/v2\/posts\/25884\/revisions"}],"wp:featuredmedia":[{"embeddable":true,"href":"https:\/\/chacosintesis.com.ar\/index.php\/wp-json\/wp\/v2\/media\/25885"}],"wp:attachment":[{"href":"https:\/\/chacosintesis.com.ar\/index.php\/wp-json\/wp\/v2\/media?parent=25884"}],"wp:term":[{"taxonomy":"category","embeddable":true,"href":"https:\/\/chacosintesis.com.ar\/index.php\/wp-json\/wp\/v2\/categories?post=25884"},{"taxonomy":"post_tag","embeddable":true,"href":"https:\/\/chacosintesis.com.ar\/index.php\/wp-json\/wp\/v2\/tags?post=25884"}],"curies":[{"name":"wp","href":"https:\/\/api.w.org\/{rel}","templated":true}]}}