{"id":25878,"date":"2023-08-29T12:14:33","date_gmt":"2023-08-29T15:14:33","guid":{"rendered":"https:\/\/chacosintesis.com.ar\/?p=25878"},"modified":"2023-08-29T12:37:21","modified_gmt":"2023-08-29T15:37:21","slug":"referentes-y-militantes-se-solidarizaron-con-capitanich-tras-el-ataque-de-zdero","status":"publish","type":"post","link":"https:\/\/chacosintesis.com.ar\/index.php\/referentes-y-militantes-se-solidarizaron-con-capitanich-tras-el-ataque-de-zdero\/","title":{"rendered":"Referentes y militantes se solidarizaron con Capitanich tras el ataque de Zdero"},"content":{"rendered":"<div class=\"postie-post\">Luego de que el candidato de Juntos por el Cambio ataque a Jorge Capitanich, desde el Frente Chaque\u00f1o y el Partido Justicialista difundieron un comunicado en apoyo al gobernador. Adem\u00e1s, Zdero rompi\u00f3 la Ley durante el debate, ya que el reglamento establece que los candidatos &#8220;no podr\u00e1n auxiliarse con documentos impresos y se abstendr\u00e1n de utilizar dispositivos o medios electr\u00f3nicos&#8221;.<\/p>\n<p>El candidato de Juntos por el Cambio, Leandro Zdero, rompi\u00f3 el reglamento durante el debate preelectoral en Charata y atac\u00f3 a Capitanich se\u00f1alando a su madre, ya fallecida, como una supuesta afiliada \u201cfalsa\u201d a una supuesta obra social.<br \/>\n\u201cEl ataque deleznable de Leandro Zdero no tiene precedentes. Siento un profundo dolor. Mi madre ha fallecido hace unos a\u00f1os. Atacar a mi madre muerta es lo m\u00e1s deleznable que puede tener una persona humana\u201d, expres\u00f3 Captianich, visiblemente afectado por la maniobra del candidato cambiemita.<br \/>\nAnte esta situaci\u00f3n, candidatos, referentes y militantes del Frente Chaque\u00f1o expresaron su absoluta solidaridad con el gobernador tras el ataque recibido y calificaron de \u201cinaceptable y antidemocr\u00e1tica\u201d la actitud de Zdero.<br \/>\n\u201cRepudiamos con dolor y lamentamos profundamente la maniobra vil del diputado provincial por Juntos por el Cambio y candidato a gobernador de nuestra provincia, que en pleno debate electoral denigr\u00f3 la memoria de la madre del gobernador Jorge Capitanich\u201d, expresaron desde el Frente Chaque\u00f1o y el Partido Justicialista.<br \/>\n\u201cCuando pens\u00e1bamos que el odio y el agravio hab\u00edan alcanzado su punto m\u00e1s deleznable, Leandro Zdero nos demostr\u00f3 que se pod\u00eda ir un poco m\u00e1s all\u00e1 en la ruindad. No es eso lo que nuestro pueblo quiere y necesita, Nuestro pueblo quiere vivir en paz, quiere tranquilidad, y Zdero y el espacio que representa no hacen m\u00e1s que promover el odio y la denigraci\u00f3n gratuita. Se trata de humanidad, de sensibilidad. Nuestra solidaridad con quien es nuestro referente y conductor\u201d, agregaron.<br \/>\nEl reglamento, consagrado en la Ley 2113-Q establece que los candidatos &#8220;no podr\u00e1n auxiliarse con documentos impresos y se abstendr\u00e1n de utilizar dispositivos o medios electr\u00f3nicos&#8221;.<\/p><\/div>\n","protected":false},"excerpt":{"rendered":"<p>Luego de que el candidato de Juntos por el Cambio ataque a Jorge Capitanich, desde el Frente Chaque\u00f1o y el Partido Justicialista difundieron un comunicado en apoyo al gobernador. Adem\u00e1s, Zdero rompi\u00f3 la Ley durante el debate, ya que el reglamento establece que los candidatos &#8220;no podr\u00e1n auxiliarse con documentos impresos y se abstendr\u00e1n de [&hellip;]<\/p>\n","protected":false},"author":1,"featured_media":25879,"comment_status":"closed","ping_status":"closed","sticky":false,"template":"","format":"standard","meta":{"footnotes":""},"categories":[6],"tags":[],"class_list":{"0":"post-25878","1":"post","2":"type-post","3":"status-publish","4":"format-standard","5":"has-post-thumbnail","7":"category-chaco"},"_links":{"self":[{"href":"https:\/\/chacosintesis.com.ar\/index.php\/wp-json\/wp\/v2\/posts\/25878","targetHints":{"allow":["GET"]}}],"collection":[{"href":"https:\/\/chacosintesis.com.ar\/index.php\/wp-json\/wp\/v2\/posts"}],"about":[{"href":"https:\/\/chacosintesis.com.ar\/index.php\/wp-json\/wp\/v2\/types\/post"}],"author":[{"embeddable":true,"href":"https:\/\/chacosintesis.com.ar\/index.php\/wp-json\/wp\/v2\/users\/1"}],"replies":[{"embeddable":true,"href":"https:\/\/chacosintesis.com.ar\/index.php\/wp-json\/wp\/v2\/comments?post=25878"}],"version-history":[{"count":0,"href":"https:\/\/chacosintesis.com.ar\/index.php\/wp-json\/wp\/v2\/posts\/25878\/revisions"}],"wp:featuredmedia":[{"embeddable":true,"href":"https:\/\/chacosintesis.com.ar\/index.php\/wp-json\/wp\/v2\/media\/25879"}],"wp:attachment":[{"href":"https:\/\/chacosintesis.com.ar\/index.php\/wp-json\/wp\/v2\/media?parent=25878"}],"wp:term":[{"taxonomy":"category","embeddable":true,"href":"https:\/\/chacosintesis.com.ar\/index.php\/wp-json\/wp\/v2\/categories?post=25878"},{"taxonomy":"post_tag","embeddable":true,"href":"https:\/\/chacosintesis.com.ar\/index.php\/wp-json\/wp\/v2\/tags?post=25878"}],"curies":[{"name":"wp","href":"https:\/\/api.w.org\/{rel}","templated":true}]}}