{"id":25874,"date":"2023-08-29T12:11:27","date_gmt":"2023-08-29T15:11:27","guid":{"rendered":"https:\/\/chacosintesis.com.ar\/?p=25874"},"modified":"2023-08-29T12:37:11","modified_gmt":"2023-08-29T15:37:11","slug":"capitanich-logramos-cumplir-nuestras-metas-tenemos-asignaturas-pendientes-y-estamos-capacitados-para-gobernar","status":"publish","type":"post","link":"https:\/\/chacosintesis.com.ar\/index.php\/capitanich-logramos-cumplir-nuestras-metas-tenemos-asignaturas-pendientes-y-estamos-capacitados-para-gobernar\/","title":{"rendered":"Capitanich: \u201cLogramos cumplir nuestras metas, tenemos asignaturas pendientes y estamos capacitados para gobernar\u201d"},"content":{"rendered":"<div class=\"postie-post\">El gobernador Jorge Capitanich particip\u00f3 del debate de candidatos de cara a las elecciones generales del 17 de septiembre en Charata.<br \/>\nEn ese contexto, se destac\u00f3 su presentaci\u00f3n, en la que se dirigi\u00f3 a los chaque\u00f1os y chaque\u00f1as recordando: \u201clogramos cumplir nuestras metas, tenemos asignaturas pendientes y estamos capacitados para gobernar\u201d.<br \/>\n\u201cM\u00e1s seguridad, mejor calidad en la prestaci\u00f3n de servicios, resolver los temas de consumos problem\u00e1ticos, y generar las condiciones para mejorar lo que hay que transformar. De eso se trata y para eso estamos capacitados\u201d, asegur\u00f3.<br \/>\nEl gobernador agradeci\u00f3 a los chaque\u00f1os y chaque\u00f1as \u201cpor brindarnos la oportunidad de llegar a sus hogares\u201d y record\u00f3 que, cuando le toc\u00f3 asumir la gobernaci\u00f3n, hered\u00f3 \u201cuna situaci\u00f3n muy compleja de radicalismo que lidera Zdero\u201d.<br \/>\n\u201cTen\u00edamos d\u00e9ficit en la provisi\u00f3n de agua potable, en la provisi\u00f3n de cloacas, en la conectividad de rutas, en la provisi\u00f3n de pavimento urbano, d\u00e9ficit en hospitales, en centros de salud, en infraestructura escolar.<br \/>\nNo ten\u00edamos conexi\u00f3n a internet ni fibra \u00f3ptica, tampoco ten\u00edamos gas, ni la infraestructura necesaria, ni mecanismos de ingresos disponibles para muchas familias\u201d, apunt\u00f3.<br \/>\nY remarc\u00f3 que \u201cnosotros nos propusimos efectivamente garantizar una nueva estrategia. Eso signific\u00f3, en comparaci\u00f3n con el radicalismo de Zdero, que triplicamos el ingreso per c\u00e1pita comparando los per\u00edodos de 12 a\u00f1os\u201d.<br \/>\nMetas concretas y logros para todos los chaque\u00f1os y chaque\u00f1as<br \/>\n\u201cNosotros logramos generar 100.000 viviendas con inversi\u00f3n p\u00fablica y privada. Y eso signific\u00f3 que a\u00fan haciendo lo que hicimos, nos falta.<br \/>\nPor eso estamos haciendo el m\u00e1ximo esfuerzo para generar 50.000 t\u00edtulos de propiedad urbana para que tengas tu lugar, 20.000 viviendas para que tengas la posibilidad de desarrollar una familia. Y 200.000 empleos sobre 20 cadenas de valor para el desarrollo de la cadena productiva. De eso se trata\u201d, explic\u00f3 el mandatario.<br \/>\nEn cuanto al desarrollo econ\u00f3mico, Capitanich explic\u00f3 que el crecimiento de la provincia \u201cfue sostenido\u201d, y record\u00f3: \u201cgeneramos m\u00e1s de 100.000 empleos privados formales, garantizamos agua potable para todos, logramos cumplir nuestras metas, pero tenemos muchas asignaturas pendientes\u201d.<\/p>\n<p>DIARIO PRIMERA LINEA.-<\/p><\/div>\n","protected":false},"excerpt":{"rendered":"<p>El gobernador Jorge Capitanich particip\u00f3 del debate de candidatos de cara a las elecciones generales del 17 de septiembre en Charata. En ese contexto, se destac\u00f3 su presentaci\u00f3n, en la que se dirigi\u00f3 a los chaque\u00f1os y chaque\u00f1as recordando: \u201clogramos cumplir nuestras metas, tenemos asignaturas pendientes y estamos capacitados para gobernar\u201d. \u201cM\u00e1s seguridad, mejor calidad [&hellip;]<\/p>\n","protected":false},"author":1,"featured_media":25875,"comment_status":"closed","ping_status":"closed","sticky":false,"template":"","format":"standard","meta":{"footnotes":""},"categories":[6],"tags":[],"class_list":{"0":"post-25874","1":"post","2":"type-post","3":"status-publish","4":"format-standard","5":"has-post-thumbnail","7":"category-chaco"},"_links":{"self":[{"href":"https:\/\/chacosintesis.com.ar\/index.php\/wp-json\/wp\/v2\/posts\/25874","targetHints":{"allow":["GET"]}}],"collection":[{"href":"https:\/\/chacosintesis.com.ar\/index.php\/wp-json\/wp\/v2\/posts"}],"about":[{"href":"https:\/\/chacosintesis.com.ar\/index.php\/wp-json\/wp\/v2\/types\/post"}],"author":[{"embeddable":true,"href":"https:\/\/chacosintesis.com.ar\/index.php\/wp-json\/wp\/v2\/users\/1"}],"replies":[{"embeddable":true,"href":"https:\/\/chacosintesis.com.ar\/index.php\/wp-json\/wp\/v2\/comments?post=25874"}],"version-history":[{"count":0,"href":"https:\/\/chacosintesis.com.ar\/index.php\/wp-json\/wp\/v2\/posts\/25874\/revisions"}],"wp:featuredmedia":[{"embeddable":true,"href":"https:\/\/chacosintesis.com.ar\/index.php\/wp-json\/wp\/v2\/media\/25875"}],"wp:attachment":[{"href":"https:\/\/chacosintesis.com.ar\/index.php\/wp-json\/wp\/v2\/media?parent=25874"}],"wp:term":[{"taxonomy":"category","embeddable":true,"href":"https:\/\/chacosintesis.com.ar\/index.php\/wp-json\/wp\/v2\/categories?post=25874"},{"taxonomy":"post_tag","embeddable":true,"href":"https:\/\/chacosintesis.com.ar\/index.php\/wp-json\/wp\/v2\/tags?post=25874"}],"curies":[{"name":"wp","href":"https:\/\/api.w.org\/{rel}","templated":true}]}}