{"id":25872,"date":"2023-08-29T12:08:50","date_gmt":"2023-08-29T15:08:50","guid":{"rendered":"https:\/\/chacosintesis.com.ar\/?p=25872"},"modified":"2023-08-29T12:37:06","modified_gmt":"2023-08-29T15:37:06","slug":"saenz-pena-golpearon-a-una-bombera-voluntaria-cuando-estaba-combatiendo-un-incendio","status":"publish","type":"post","link":"https:\/\/chacosintesis.com.ar\/index.php\/saenz-pena-golpearon-a-una-bombera-voluntaria-cuando-estaba-combatiendo-un-incendio\/","title":{"rendered":"S\u00e1enz Pe\u00f1a: golpearon a una bombera voluntaria cuando estaba combatiendo un incendio"},"content":{"rendered":"<div class=\"postie-post\">Una integrante de la agrupaci\u00f3n de Bomberos Voluntarios &#8220;Pedro Jimenez&#8221;, junto a sus compa\u00f1eros del cuartel acudieron ayer por la tarde de lunes al llamado para sofocar un incendio en el barrio San Jos\u00e9 de S\u00e1enz Pe\u00f1a y fue agredida f\u00edsicamente.<br \/>\n Seg\u00fan pudo saber el matutino NORTE de acuerdo al testimonio de la misma damnificada, Selene G\u00f3mez, una mujer se le acerc\u00f3 y tras varios minutos de agresi\u00f3n verbal, mientras trabajaban los bomberos para sofocar el incendio que avanzaba hacia unas viviendas, le peg\u00f3 violentamente en la cara con algo que no supo identificar.<br \/>\n &#8220;El golpe fue tan fuerte que lleg\u00f3 a romper gran parte del casco protector que llevaba mientas trabajaba la mujer&#8221;, coment\u00f3 ante la consulta de este diario.<br \/>\nAMBIENTE CALIENTE<br \/>\nLa tarde de este lunes se produjeron alrededor de unos ocho focos de incendios en distintos puntos de la ciudad termal. En algunos de ellos una dotaci\u00f3n de Bomberos Voluntarios que trabajan conjuntamente a la Divisi\u00f3n de Bomberos de la Polic\u00eda del Chaco, se traslad\u00f3 hasta un predio en el barrio San Jos\u00e9.<br \/>\n&#8220;La gente estaba muy violenta, nos insultaron todo el tiempo, entiendo la desesperaci\u00f3n, imagino lo que es sentir que se te prende fuego todo, pero est\u00e1bamos ah\u00ed para controlar el fuego&#8221; dijo la voluntaria.<br \/>\nEl incendio se inici\u00f3 por una quema de pastizales en el barrio San Jos\u00e9 y el fuego avanz\u00f3 r\u00e1pidamente hacia las viviendas del lugar. Y una vivienda sufri\u00f3 la rotura del vidrio de la ventana y el humo ingres\u00f3 a la casa pero no hubo que lamentar da\u00f1os materiales y tampoco hubo personas heridas. La mujer se\u00f1al\u00f3 adem\u00e1s que todas las casas de esa cuadra tuvieron contacto con el fuego, las paredes, los muros perimetrales, pero los bomberos voluntarios pudieron controlarlo.<\/p>\n<p> HUBO VECINOS SOLIDARIOS<br \/>\nM\u00e1s all\u00e1 de la agresi\u00f3n que sufrieron los bomberos, agradecieron tambi\u00e9n a otros vecinos que s\u00ed colaboraron con ellos. &#8220;Hay gente que colabor\u00f3, hay que reconocer que no todos estaban tan exaltados. Algunos vecinos nos ofrecieron agua, y otros nos juntaban las herramientas que nosotros \u00edbamos dejando tiradas, y no ten\u00edamos tiempo de guardarlas. Pero lamentablemente esa vecina como otros que si no atacaron&#8221; , lament\u00f3 la bombera agredida.<\/p>\n<p>DIARIO NORTE.-<\/p>\n<\/div>\n","protected":false},"excerpt":{"rendered":"<p>Una integrante de la agrupaci\u00f3n de Bomberos Voluntarios &#8220;Pedro Jimenez&#8221;, junto a sus compa\u00f1eros del cuartel acudieron ayer por la tarde de lunes al llamado para sofocar un incendio en el barrio San Jos\u00e9 de S\u00e1enz Pe\u00f1a y fue agredida f\u00edsicamente. Seg\u00fan pudo saber el matutino NORTE de acuerdo al testimonio de la misma damnificada, [&hellip;]<\/p>\n","protected":false},"author":1,"featured_media":25873,"comment_status":"closed","ping_status":"closed","sticky":false,"template":"","format":"standard","meta":{"footnotes":""},"categories":[6],"tags":[197],"class_list":{"0":"post-25872","1":"post","2":"type-post","3":"status-publish","4":"format-standard","5":"has-post-thumbnail","7":"category-chaco","8":"tag-destacada"},"_links":{"self":[{"href":"https:\/\/chacosintesis.com.ar\/index.php\/wp-json\/wp\/v2\/posts\/25872","targetHints":{"allow":["GET"]}}],"collection":[{"href":"https:\/\/chacosintesis.com.ar\/index.php\/wp-json\/wp\/v2\/posts"}],"about":[{"href":"https:\/\/chacosintesis.com.ar\/index.php\/wp-json\/wp\/v2\/types\/post"}],"author":[{"embeddable":true,"href":"https:\/\/chacosintesis.com.ar\/index.php\/wp-json\/wp\/v2\/users\/1"}],"replies":[{"embeddable":true,"href":"https:\/\/chacosintesis.com.ar\/index.php\/wp-json\/wp\/v2\/comments?post=25872"}],"version-history":[{"count":0,"href":"https:\/\/chacosintesis.com.ar\/index.php\/wp-json\/wp\/v2\/posts\/25872\/revisions"}],"wp:featuredmedia":[{"embeddable":true,"href":"https:\/\/chacosintesis.com.ar\/index.php\/wp-json\/wp\/v2\/media\/25873"}],"wp:attachment":[{"href":"https:\/\/chacosintesis.com.ar\/index.php\/wp-json\/wp\/v2\/media?parent=25872"}],"wp:term":[{"taxonomy":"category","embeddable":true,"href":"https:\/\/chacosintesis.com.ar\/index.php\/wp-json\/wp\/v2\/categories?post=25872"},{"taxonomy":"post_tag","embeddable":true,"href":"https:\/\/chacosintesis.com.ar\/index.php\/wp-json\/wp\/v2\/tags?post=25872"}],"curies":[{"name":"wp","href":"https:\/\/api.w.org\/{rel}","templated":true}]}}