{"id":25870,"date":"2023-08-28T16:47:25","date_gmt":"2023-08-28T19:47:25","guid":{"rendered":"https:\/\/chacosintesis.com.ar\/?p=25870"},"modified":"2023-08-28T17:06:42","modified_gmt":"2023-08-28T20:06:42","slug":"veinte-escuelas-secundarias-de-toda-la-provincia-participaran-del-tercer-encuentro-de-las-artes","status":"publish","type":"post","link":"https:\/\/chacosintesis.com.ar\/index.php\/veinte-escuelas-secundarias-de-toda-la-provincia-participaran-del-tercer-encuentro-de-las-artes\/","title":{"rendered":"Veinte escuelas secundarias de toda la provincia participar\u00e1n del tercer &#8220;Encuentro de las Artes&#8221;"},"content":{"rendered":"<div class=\"postie-post\">M\u00e1s de 500 estudiantes, quienes podr\u00e1n crear, intercambiar y disfrutar de pinturas, grabados, esculturas, danzas y m\u00fasicas de diferentes g\u00e9neros y estilos, obras teatrales y cortos audiovisuales, se re\u00fanen este martes 29 de agosto.<br \/>\nEste martes 29 de agosto de 8 a 18, las 20 Escuelas Secundarias de Arte Orientadas, con Especialidad y Art\u00edstico-T\u00e9cnicas de toda la provincia se encontrar\u00e1n en la Casa de las Culturas (Marcelo T. de Alvear 90) para disfrutar y compartir una jornada con talleres, muestras y diferentes experiencias art\u00edsticas-pedag\u00f3gicas.<br \/>\nParticipar\u00e1n m\u00e1s de 500 estudiantes quienes podr\u00e1n crear, intercambiar y disfrutar de pinturas, grabados, esculturas, danzas y m\u00fasicas de diferentes g\u00e9neros y estilos, obras teatrales, cortos audiovisuales, entre otras expresiones art\u00edsticas.<br \/>\nEl encuentro est\u00e1 organizado por el Ministerio de Educaci\u00f3n, cultura, Ciencia y Tecnolog\u00eda a trav\u00e9s de la Direcci\u00f3n de Educaci\u00f3n Art\u00edstica, en forma articulada con el Instituto de Cultura del Chaco, mediante la Direcci\u00f3n de Lenguajes Art\u00edsticos -Departamentos de Artes Visuales, Danza, M\u00fasica, Teatro y Artes Audiovisuales-, Casa de las Culturas y el Museo de Bellas Artes \u201cRen\u00e9 Brusau\u201d. El evento cuenta con el apoyo y la colaboraci\u00f3n del ISPEA M\u00fasica &#8220;Lilia Yolanda P. De Elizondo&#8221;, de Loter\u00eda Chaque\u00f1a y la Universidad Popular de Resistencia.<br \/>\nAgenda<br \/>\n8 Hs &#8211; Recepci\u00f3n y desayuno (Halll de la Casa de las Culturas)<br \/>\n9 Hs &#8211; Acto de apertura (Casa de las Culturas &#8211; auditorio &#8211; 1\u00b0 piso)<br \/>\n9:30 Hs &#8211; Muestra de Artes Esc\u00e9nicas, Musicales y Audiovisuales (Auditorio &#8211; 1\u00b0 piso)<br \/>\n11:30 Hs &#8211; 1\u00b0 Etapa de Talleres:<br \/>\nTaller de Arte Urbano, a cargo del Depto. de Artes Visuales del I.C.CH. (Hall de la Casa)<br \/>\nVisita Especializada por la Sala de Patrimonio Permanente, a cargo del MUBA (3\u00b0 piso)<br \/>\nTaller de Teatro: Cuerpo, Imagen y Sonido, a cargo del Depto. de Teatro del I.C.CH. y la Dir. de Educaci\u00f3n Art\u00edstica (Sala de la Orquesta Sinf\u00f3nica del Chaco &#8211; 1\u00b0 piso)<br \/>\nTaller de Formulaci\u00f3n de Proyectos Audiovisuales, a cargo de la Dir. de Educaci\u00f3n Art\u00edstica (Planta baja).<br \/>\nTaller de Percusi\u00f3n, a cargo del Bloco de Girasoles &#8211; Depto. de M\u00fasica del I.C.CH. (Auditorio &#8211; 1\u00b0 piso)<br \/>\n12:45 Hs &#8211; Almuerzo (patio de la Universidad Popular &#8211; Mitre 198)<br \/>\n13:45 Hs \u2013 Recorrido por la Muestra de Artes Visuales (Sala 1 del MUBA &#8211; P.B.)<br \/>\n14 Hs &#8211; Taller de Danza: Herramientas para construir movimientos, a cargo del Depto. de Danza del I.C.CH. (Sala del Ballet Contempor\u00e1neo del Chaco &#8211; 2\u00b0 piso)<br \/>\n14:30 Hs &#8211; 2\u00b0 Etapa de Talleres:<br \/>\nTaller de Arte Urbano (Hall de la Casa)<br \/>\nVisita Especializada por la Sala de Patrimonio Permanente, a cargo del MUBA (3\u00b0 piso)<br \/>\nTaller de Celumetrajes, a cargo del Depto. de Cine, Audiovisual y Artes Digitales del I.C.CH. (Sala 1 del MUBA &#8211; planta baja)<br \/>\nConcierto Did\u00e1ctico, a cargo de la P.I.C. Banda I.S.P.E.A. M\u00fasica &#8220;Lilia Yolanda Pereno de Elizondo&#8221; (Auditorio &#8211; 1\u00b0 piso)<br \/>\n16:00 Hs &#8211; Muestra de Artes Esc\u00e9nicas (Auditorio &#8211; 1\u00b0 piso)<br \/>\n17:30 Hs &#8211; Acto de cierre (Auditorio &#8211; 1\u00b0 piso)<br \/>\nMuestra de artes esc\u00e9nicas, musicales y audiovisuales \u2013 auditorio turno ma\u00f1ana: desde las 9:00<br \/>\nE.E.S. N\u00b0 2 &#8220;Prof. Ivan Sagarduy&#8221; de Resistencia:<br \/>\n\u201cDedocracia\u201d &#8211; Producci\u00f3n Audiovisual.<br \/>\nE.E.S. N\u00b0 34 \u201cHernandarias\u201d de La Tigra:<br \/>\n\u201cMemoria y coraz\u00f3n\u201d &#8211; Producci\u00f3n Musical &#8211; Audiovisual.<br \/>\nE.E.S. N\u00b0 2 &#8220;Prof. Iv\u00e1n Sagarduy&#8221; de Resistencia:<br \/>\n\u201cRepresentados\u201d &#8211; Producci\u00f3n Audiovisual.<br \/>\nE.E.S. N\u00b0 160 de San Mart\u00edn:<br \/>\n\u201cSomos vos y yo\u201d &#8211; Producci\u00f3n Musical.<br \/>\n\u00b7E.E.S. N\u00b0 22 &#8220;\u00c1ngel V. Sartori&#8221; de Hermoso Campo:<br \/>\n&#8220;Nunca m\u00e1s&#8221; &#8211; Producci\u00f3n Audiovisual.<br \/>\n\u00b7E.E.S. N\u00b0 18 \u201cEugenia Rodr\u00edguez de Zlachevsky\u201d de Santa Sylvina: \u201cArte para recordar &#8211; Producci\u00f3n de Lenguajes Combinados.<br \/>\n\u00b7U.E.G.P. N\u00b0 72 \u201cCacique Pelayo\u201d de Fontana:<br \/>\n\u201cLa Biling\u00fce\u201d &#8211; Producci\u00f3n Audiovisual.<br \/>\n\u00b7E.E.S.N\u00b0 87 &#8220;Escuela Normal Sarmiento&#8221; de Resistencia:<br \/>\n&#8220;La democracia&#8221; y &#8220;Chaco soy se\u00f1or&#8221; &#8211; Producci\u00f3n Musical.<br \/>\n\u00b7E.E.S. N\u00b0 16 \u201cPedro Goyena&#8221; de Charata:<br \/>\n&#8220;La democracia en el arte\u201d &#8211; Producci\u00f3n Audiovisual.<br \/>\n\u00b7E.E.S. N\u00b0 197 \u201cConstante Petris\u201d de Colonia Rivadavia:<br \/>\n\u201cEntre tiempos\u201d &#8211; Producci\u00f3n Audiovisual y \u201cEl pa\u00eds de la libertad\u201d &#8211; Producci\u00f3n Musical.<br \/>\n\u00b7U.E.G.P. N\u00b0 104 &#8220;Jard\u00edn y Escuela de Artes&#8221; de Resistencia: \u201cGrooming\u201d y \u201cStreetball\u201d &#8211; Producci\u00f3n Audiovisual.<br \/>\n\u00b7E.E.S. N\u00b0 55 &#8220;Estanislao L\u00f3pez&#8221; de Los Frentones: \u201cRasgu\u00f1a las piedras\u201d y \u201cSobreviviendo\u201d &#8211; Producci\u00f3n Musical.<br \/>\n\u00b7E.E.S. N\u00b0 85 \u201cEva Duarte\u201d de Barranqueras: &#8220;Demo(s)(g)cracia&#8221; &#8211; Producci\u00f3n Audiovisual.<br \/>\n\u00b7E.E.S. N\u00b0 43 de Juan Jos\u00e9 Castelli:<br \/>\n&#8220;La voz del pueblo&#8221; &#8211; Producci\u00f3n de Lenguajes Combinados.<br \/>\nMuestra de artes esc\u00e9nicas, musicales y audiovisuales \u2013 auditorio<br \/>\nTURNO TARDE: desde las 16 Hs.<br \/>\nE.E.S. N\u00b0 115 &#8220;H\u00e9ctor A. Massero&#8221; de Cruce Viejo, Puerto Tirol: &#8220;Mentes blancas&#8221; &#8211; Producci\u00f3n de Lenguajes Combinados.<br \/>\nE.E.S. N\u00b0 55 &#8220;Estanislao L\u00f3pez&#8221; de Los Frentones: &#8220;Pasos de libertad&#8221; &#8211; Producci\u00f3n de Danza.<br \/>\nE.P.G.S. N\u00b0 17 &#8220;Escuela Mariano Ferreyra&#8221; de Resistencia: &#8220;El anillo&#8221; &#8211; Producci\u00f3n de Teatro.<br \/>\nE.E.S. N\u00b0 150 \u201cCarlos A. Zamudio\u201d de Resistencia: &#8220;El llamado&#8221; &#8211; Producci\u00f3n de Danza y Teatro.<br \/>\nE.E.S. N\u00b0 68 &#8220;Mar\u00eda Elena Walsh&#8221; de Resistencia: &#8220;Soy&#8230;Yo soy&#8221; &#8211; Producci\u00f3n de Lenguajes Combinados.<br \/>\nE.E.S. N\u00b0 88 &#8220;Libertador General Sim\u00f3n Bol\u00edvar&#8221; de Resistencia: \u201cAlias Mate Cosido\u201d &#8211; Producci\u00f3n de Teatro.<br \/>\nE.E.S. N\u00b0 115 &#8220;H\u00e9ctor A. Massero&#8221; de Cruce Viejo, Puerto Tirol: &#8220;Memoria&#8221; &#8211; Producci\u00f3n de Danza.<br \/>\nE.E.S. N\u00b0 18 \u201cEugenia Rodr\u00edguez de Zlachevsky\u201d de Santa Sylvina: \u201cMemorias\u201d &#8211; Producci\u00f3n de Teatro<br \/>\nMuestra de artes visuales &#8211; sala 1 del MUBA todo el d\u00eda: de 9 a 17:30<br \/>\nE.E.S. N\u00b0 16 &#8220;Pedro Goyena&#8221; de Charata: &#8220;Expresioanarte&#8221; &#8211; Escultura y Pintura.<br \/>\nE.E.S. N\u00b0 2 &#8220;Prof. Iv\u00e1n Sagarduy&#8221; de Resistencia: &#8220;Afrodescendientes&#8221; y &#8220;Rock Nacional&#8221; &#8211; Grabado.<br \/>\nE.E.S. N\u00b0 150 &#8220;Carlos A. Zamudio&#8221; de Resistencia: &#8220;Malvinas&#8221; &#8211; Mural.<br \/>\nE.E.S. N\u00b0 180 &#8220;Luis J. Fontana&#8221; de La Verde:<br \/>\n&#8220;Mi pueblo: La Verde&#8221; &#8211; Pintura, Grabado y Collage.<br \/>\nE.E.S. N\u00b0 8 &#8220;Jos\u00e9 M. Estrada&#8221; de General Pinedo: &#8220;Cuerpos que narran memorias&#8221; &#8211; Instalaci\u00f3n.<br \/>\nE.E.S. N\u00b0 87 &#8220;Escuela Normal Sarmiento&#8221; de Resistencia: &#8220;Argentina y democracia&#8221; &#8211; Pintura.<\/div>\n","protected":false},"excerpt":{"rendered":"<p>M\u00e1s de 500 estudiantes, quienes podr\u00e1n crear, intercambiar y disfrutar de pinturas, grabados, esculturas, danzas y m\u00fasicas de diferentes g\u00e9neros y estilos, obras teatrales y cortos audiovisuales, se re\u00fanen este martes 29 de agosto. Este martes 29 de agosto de 8 a 18, las 20 Escuelas Secundarias de Arte Orientadas, con Especialidad y Art\u00edstico-T\u00e9cnicas de [&hellip;]<\/p>\n","protected":false},"author":1,"featured_media":25871,"comment_status":"closed","ping_status":"closed","sticky":false,"template":"","format":"standard","meta":{"footnotes":""},"categories":[6],"tags":[],"class_list":{"0":"post-25870","1":"post","2":"type-post","3":"status-publish","4":"format-standard","5":"has-post-thumbnail","7":"category-chaco"},"_links":{"self":[{"href":"https:\/\/chacosintesis.com.ar\/index.php\/wp-json\/wp\/v2\/posts\/25870","targetHints":{"allow":["GET"]}}],"collection":[{"href":"https:\/\/chacosintesis.com.ar\/index.php\/wp-json\/wp\/v2\/posts"}],"about":[{"href":"https:\/\/chacosintesis.com.ar\/index.php\/wp-json\/wp\/v2\/types\/post"}],"author":[{"embeddable":true,"href":"https:\/\/chacosintesis.com.ar\/index.php\/wp-json\/wp\/v2\/users\/1"}],"replies":[{"embeddable":true,"href":"https:\/\/chacosintesis.com.ar\/index.php\/wp-json\/wp\/v2\/comments?post=25870"}],"version-history":[{"count":0,"href":"https:\/\/chacosintesis.com.ar\/index.php\/wp-json\/wp\/v2\/posts\/25870\/revisions"}],"wp:featuredmedia":[{"embeddable":true,"href":"https:\/\/chacosintesis.com.ar\/index.php\/wp-json\/wp\/v2\/media\/25871"}],"wp:attachment":[{"href":"https:\/\/chacosintesis.com.ar\/index.php\/wp-json\/wp\/v2\/media?parent=25870"}],"wp:term":[{"taxonomy":"category","embeddable":true,"href":"https:\/\/chacosintesis.com.ar\/index.php\/wp-json\/wp\/v2\/categories?post=25870"},{"taxonomy":"post_tag","embeddable":true,"href":"https:\/\/chacosintesis.com.ar\/index.php\/wp-json\/wp\/v2\/tags?post=25870"}],"curies":[{"name":"wp","href":"https:\/\/api.w.org\/{rel}","templated":true}]}}