{"id":25866,"date":"2023-08-28T16:03:09","date_gmt":"2023-08-28T19:03:09","guid":{"rendered":"https:\/\/chacosintesis.com.ar\/?p=25866"},"modified":"2023-08-28T16:37:19","modified_gmt":"2023-08-28T19:37:19","slug":"docentes-de-secundaria-pueden-adjuntar-documentacion-en-sie","status":"publish","type":"post","link":"https:\/\/chacosintesis.com.ar\/index.php\/docentes-de-secundaria-pueden-adjuntar-documentacion-en-sie\/","title":{"rendered":"Docentes de secundaria pueden adjuntar documentaci\u00f3n en SIE"},"content":{"rendered":"<div class=\"postie-post\">El Ministerio de Educaci\u00f3n del Chaco, a trav\u00e9s de la Junta de Clasificaci\u00f3n del Nivel Secundario, comunica a los y las docentes titulares, de las Regionales Educativas 3, 6, 7 y 10, que se encuentra habilitada la Plataforma del SIE, para adjuntar documentaci\u00f3n hasta el 23 de diciembre de 2023.<br \/>\nPara consultas, los interesados e interesadas pueden comunicarse al tel\u00e9fono 3624-414977 o al correo electr\u00f3nico <a href=\"mailto:juntasecundariaresistencia@gmail.com\">juntasecundariaresistencia@gmail.com<\/a>.<\/div>\n","protected":false},"excerpt":{"rendered":"<p>El Ministerio de Educaci\u00f3n del Chaco, a trav\u00e9s de la Junta de Clasificaci\u00f3n del Nivel Secundario, comunica a los y las docentes titulares, de las Regionales Educativas 3, 6, 7 y 10, que se encuentra habilitada la Plataforma del SIE, para adjuntar documentaci\u00f3n hasta el 23 de diciembre de 2023. Para consultas, los interesados e [&hellip;]<\/p>\n","protected":false},"author":1,"featured_media":25867,"comment_status":"closed","ping_status":"closed","sticky":false,"template":"","format":"standard","meta":{"footnotes":""},"categories":[6],"tags":[],"class_list":{"0":"post-25866","1":"post","2":"type-post","3":"status-publish","4":"format-standard","5":"has-post-thumbnail","7":"category-chaco"},"_links":{"self":[{"href":"https:\/\/chacosintesis.com.ar\/index.php\/wp-json\/wp\/v2\/posts\/25866","targetHints":{"allow":["GET"]}}],"collection":[{"href":"https:\/\/chacosintesis.com.ar\/index.php\/wp-json\/wp\/v2\/posts"}],"about":[{"href":"https:\/\/chacosintesis.com.ar\/index.php\/wp-json\/wp\/v2\/types\/post"}],"author":[{"embeddable":true,"href":"https:\/\/chacosintesis.com.ar\/index.php\/wp-json\/wp\/v2\/users\/1"}],"replies":[{"embeddable":true,"href":"https:\/\/chacosintesis.com.ar\/index.php\/wp-json\/wp\/v2\/comments?post=25866"}],"version-history":[{"count":0,"href":"https:\/\/chacosintesis.com.ar\/index.php\/wp-json\/wp\/v2\/posts\/25866\/revisions"}],"wp:featuredmedia":[{"embeddable":true,"href":"https:\/\/chacosintesis.com.ar\/index.php\/wp-json\/wp\/v2\/media\/25867"}],"wp:attachment":[{"href":"https:\/\/chacosintesis.com.ar\/index.php\/wp-json\/wp\/v2\/media?parent=25866"}],"wp:term":[{"taxonomy":"category","embeddable":true,"href":"https:\/\/chacosintesis.com.ar\/index.php\/wp-json\/wp\/v2\/categories?post=25866"},{"taxonomy":"post_tag","embeddable":true,"href":"https:\/\/chacosintesis.com.ar\/index.php\/wp-json\/wp\/v2\/tags?post=25866"}],"curies":[{"name":"wp","href":"https:\/\/api.w.org\/{rel}","templated":true}]}}