{"id":25862,"date":"2023-08-28T16:01:17","date_gmt":"2023-08-28T19:01:17","guid":{"rendered":"https:\/\/chacosintesis.com.ar\/?p=25862"},"modified":"2023-08-28T16:07:59","modified_gmt":"2023-08-28T19:07:59","slug":"filmus-destaco-que-chaco-cuenta-con-un-importante-desarrollo-en-nanotecnologia","status":"publish","type":"post","link":"https:\/\/chacosintesis.com.ar\/index.php\/filmus-destaco-que-chaco-cuenta-con-un-importante-desarrollo-en-nanotecnologia\/","title":{"rendered":"Filmus destac\u00f3 que Chaco cuenta con \u201cun importante desarrollo\u201d en nanotecnolog\u00eda"},"content":{"rendered":"<div class=\"postie-post\">El Instituto Chaque\u00f1o de Ciencia, Tecnolog\u00eda e Innovaci\u00f3n (ICCTI) y la Fundaci\u00f3n Argentina de Nanotecnolog\u00eda (FAN) realizar\u00e1n, del 28 de agosto hasta el 1 de septiembre, la Semana Nano en la provincia, con charlas, talleres y experimentos.<br \/>\nEl Ministro de Ciencia, Tecnolog\u00eda e Innovaci\u00f3n Productiva de la Naci\u00f3n, Daniel Filmus, arrib\u00f3 este lunes al Chaco para participar del lanzamiento de la \u201cSemana Nano\u201d que tiene lugar en la Facultad de Ingenier\u00eda de la UNNE, y que ser\u00e1 el inicio de diversas actividades hasta el d\u00eda viernes con foco en la nanotecnolog\u00eda.<br \/>\nEn di\u00e1logo con Chaco TV, el ministro nacional asegur\u00f3 que la provincia \u201ces una de las que ha decidido cambiar su modelo productivo y agregarle al modelo ciencia y tecnolog\u00eda en distintas \u00e1reas\u201d, ante lo cual, remarc\u00f3 que se encontraba \u201cmuy contento de estar nuevamente en Resistencia\u201d.<br \/>\nSobre el evento que inicia hoy, cont\u00f3 que \u201clo que estamos presentando es una idea que hemos charlado con el gobernador, que es instalar una sede de la Fundaci\u00f3n Argentina de Nanotecnolog\u00eda\u201d, y explic\u00f3 que \u201cpodemos desarrollar la nanotecnolog\u00eda ac\u00e1 porque hay una masa cr\u00edtica de profesionales que ya trabajan en el tema, que est\u00e1 en aplicaciones en agricultura, medicina, temas espaciales. Hay una posibilidad concreta porque estamos en una provincia que tiene un desarrollo importante en esta \u00e1rea\u201d.<br \/>\nEn esa l\u00ednea, tambi\u00e9n se\u00f1al\u00f3 que \u201cen Chaco tenemos el proyecto de construcci\u00f3n de edificio para ciencia de datos, que va a ser muy importante, el m\u00e1s importante de la regi\u00f3n, y estamos trabajando con parques nacionales para abrir la licitaci\u00f3n estos d\u00edas de uno de los centros de investigaci\u00f3n biol\u00f3gicos m\u00e1s importantes que vamos a tener, en El Impenetrable. Tambi\u00e9n estamos entregando equipamientos a  la provincia, hay 17 que fueron otorgados, y en total invertimos casi $2.000 millones de para desarrollo de la ciencia, que exige m\u00e1s investigadores de alto nivel, y eso trabajamos con la universidad\u201d.<br \/>\nAdem\u00e1s, el funcionario ratific\u00f3 la configuraci\u00f3n de los financiamientos tecnol\u00f3gicos para las provincias del norte, algo que asegura se consensu\u00f3 en el \u00faltimo encuentro con gobernadores: \u201cEn la reuni\u00f3n que tuvimos hace poco tiempo mostramos como hace 2 a\u00f1os el 80% de la inversi\u00f3n estaba en la ciudad de Buenos Aires y s\u00f3lo el 3% iba al norte grande. El a\u00f1o pasado dimos una vuelta copernicana a este tema y el 80% va a las provincias, y el 25% al norte grande. Cada provincia defini\u00f3 sus prioridades, sus temas centrales, objetivos territoriales respecto de la ciencia y nosotros apoyamos\u201d, cont\u00f3.<br \/>\nRespecto de la situaci\u00f3n tecnol\u00f3gica en el contexto electoral, Filmus asegur\u00f3 que \u201chay dos modelos de futuro\u201d, y refiri\u00f3 a los dichos de la oposici\u00f3n contra el desarrollo de la inversi\u00f3n en el \u00e1rea de la tecnolog\u00eda. \u201cHemos escuchado por estos d\u00edas que hay un candidato que dice que va a cerrar el Conicet, que lo va a privatizar, y eso es que no haya futuro\u201d, analiz\u00f3, y remarc\u00f3 que \u201csi uno mira los paises, los que ese candidato toma de ejemplo, son los que m\u00e1s invierten en ciencia y tecnolog\u00eda, donde m\u00e1s invierte el Estado, y es esa inversi\u00f3n la que tracciona la inversi\u00f3n privada despu\u00e9s. Un pa\u00eds no es rico porque tiene mucha materia prima nada m\u00e1s\u201d.<\/p>\n<p>Semana Nano en Chaco<br \/>\nEl programa de actividades iniciar\u00e1 el lunes 28 de agosto, con el lanzamiento de la \u201cSemana Nano\u201d en el Sal\u00f3n de la Reforma de la UNNE. La primera ser\u00e1 un taller de Introducci\u00f3n a la Nanotecnolog\u00eda destinado a periodistas y funcionarios provinciales y municipales, a cargo de los profesionales de la FAN. El 29 y 30 de agosto se realizar\u00e1n talleres \u201cNano por un d\u00eda\u201d para estudiantes secundarios en la Facultad Regional Resistencia UTN, el Laboratorio Conectar Lab (Fontana) y en la Universidad Nacional del Chaco Austral (S\u00e1enz Pe\u00f1a).<br \/>\nLa Semana Nano contar\u00e1 con dos eventos centrales abiertos para todo p\u00fablico: la Performance Nano que se realizar\u00e1 en el Aula Magna de la UNNE, una puesta teatral donde se divulgar\u00e1 la nanotecnolog\u00eda, sus aplicaciones y algunos experimentos en vivo. Adem\u00e1s, grupos de investigaci\u00f3n que trabajan en el Chaco, de universidades y CONICET, mostrar\u00e1n sus capacidades y las oportunidades que pueden brindar al respecto.<br \/>\nEl 30 de agosto se realizar\u00e1 el \u201cTaller Nano para Pymes\u201d en el Laboratorio de Qu\u00edmica de la Facultad Ingenier\u00eda de la UNNE, con el objetivo de proporcionar conocimientos en el campo de la nanotecnolog\u00eda y explorar posibles aplicaciones para la industria local. Por \u00faltimo, el viernes 1\u00b0 de septiembre se llevar\u00e1 a cabo el Seminario de Capacidades Regionales en Nanotecnolog\u00eda para difundir el trabajo que vienen realizando grupos abocados a la Nanotecnolog\u00eda en el Chaco. Para conocer m\u00e1s informaci\u00f3n del evento y la grilla completa de actividades se puede ingresar a iccti.chaco.gob.ar\/semananano o enviar un mail a <a href=\"mailto:semanananochaco@gmail.com\">semanananochaco@gmail.com<\/a>.<\/div>\n","protected":false},"excerpt":{"rendered":"<p>El Instituto Chaque\u00f1o de Ciencia, Tecnolog\u00eda e Innovaci\u00f3n (ICCTI) y la Fundaci\u00f3n Argentina de Nanotecnolog\u00eda (FAN) realizar\u00e1n, del 28 de agosto hasta el 1 de septiembre, la Semana Nano en la provincia, con charlas, talleres y experimentos. El Ministro de Ciencia, Tecnolog\u00eda e Innovaci\u00f3n Productiva de la Naci\u00f3n, Daniel Filmus, arrib\u00f3 este lunes al Chaco [&hellip;]<\/p>\n","protected":false},"author":1,"featured_media":25863,"comment_status":"closed","ping_status":"closed","sticky":false,"template":"","format":"standard","meta":{"footnotes":""},"categories":[6],"tags":[],"class_list":{"0":"post-25862","1":"post","2":"type-post","3":"status-publish","4":"format-standard","5":"has-post-thumbnail","7":"category-chaco"},"_links":{"self":[{"href":"https:\/\/chacosintesis.com.ar\/index.php\/wp-json\/wp\/v2\/posts\/25862","targetHints":{"allow":["GET"]}}],"collection":[{"href":"https:\/\/chacosintesis.com.ar\/index.php\/wp-json\/wp\/v2\/posts"}],"about":[{"href":"https:\/\/chacosintesis.com.ar\/index.php\/wp-json\/wp\/v2\/types\/post"}],"author":[{"embeddable":true,"href":"https:\/\/chacosintesis.com.ar\/index.php\/wp-json\/wp\/v2\/users\/1"}],"replies":[{"embeddable":true,"href":"https:\/\/chacosintesis.com.ar\/index.php\/wp-json\/wp\/v2\/comments?post=25862"}],"version-history":[{"count":0,"href":"https:\/\/chacosintesis.com.ar\/index.php\/wp-json\/wp\/v2\/posts\/25862\/revisions"}],"wp:featuredmedia":[{"embeddable":true,"href":"https:\/\/chacosintesis.com.ar\/index.php\/wp-json\/wp\/v2\/media\/25863"}],"wp:attachment":[{"href":"https:\/\/chacosintesis.com.ar\/index.php\/wp-json\/wp\/v2\/media?parent=25862"}],"wp:term":[{"taxonomy":"category","embeddable":true,"href":"https:\/\/chacosintesis.com.ar\/index.php\/wp-json\/wp\/v2\/categories?post=25862"},{"taxonomy":"post_tag","embeddable":true,"href":"https:\/\/chacosintesis.com.ar\/index.php\/wp-json\/wp\/v2\/tags?post=25862"}],"curies":[{"name":"wp","href":"https:\/\/api.w.org\/{rel}","templated":true}]}}