{"id":25860,"date":"2023-08-28T15:59:54","date_gmt":"2023-08-28T18:59:54","guid":{"rendered":"https:\/\/chacosintesis.com.ar\/?p=25860"},"modified":"2023-08-28T16:07:54","modified_gmt":"2023-08-28T19:07:54","slug":"aleman-ningun-jubilado-cobrara-de-bruto-menos-de-124-000-en-septiembre","status":"publish","type":"post","link":"https:\/\/chacosintesis.com.ar\/index.php\/aleman-ningun-jubilado-cobrara-de-bruto-menos-de-124-000-en-septiembre\/","title":{"rendered":"Aleman: \u201cNing\u00fan jubilado cobrar\u00e1, de bruto, menos de $124.000 en septiembre\u201d"},"content":{"rendered":"<div class=\"postie-post\">El jefe regional de ANSES habl\u00f3 sobre las medidas anunciadas en el d\u00eda de ayer por el ministro de Econom\u00eda, Sergio Massa, e hizo hincapi\u00e9 en los beneficios que recibir\u00e1n las personas jubiladas y pensionadas.<br \/>\nAgust\u00edn Aleman, jefe regional de ANSES, dialog\u00f3 con Radio Provincia del Chaco sobre los anuncios y las medidas econ\u00f3micas que realiz\u00f3 el ministro de Econom\u00eda, Sergio Massa, en el d\u00eda de ayer e hizo hincapi\u00e9 en los beneficios que recibir\u00e1n los jubilados y pensionados. \u201cNing\u00fan jubilado cobrar\u00e1, de bruto, menos de $124.000 en septiembre\u201d, expres\u00f3.<br \/>\nEn este sentido, explic\u00f3 que en septiembre estaba previsto un aumento para las personas jubiladas y pensionadas por la Ley de Movilidad que era del 23,29% m\u00e1s un bono de $27.000. No obstante, debido a las nuevas medidas, ese bono ser\u00e1 de $37.000. \u201cEsto es para todos los jubilados que cobren la m\u00ednima. Para los que cobren por encima de la m\u00ednima ser\u00e1 un monto equiparable para que ning\u00fan jubilado cobre de bruto menos de 124 mil pesos en septiembre\u201d, detall\u00f3.<br \/>\nAsimismo, destac\u00f3 que otra de las medidas anunciadas es la devoluci\u00f3n del IVA por compra de tarjeta d\u00e9bito, la cual ser\u00e1 de hasta $18.000. Dicho reintegro se acreditar\u00e1 en su haber en el siguiente mes a la compra realizada. Seg\u00fan Aleman, esto busca fomentar una \u201ceconom\u00eda formal y de transacciones\u201d.<br \/>\nTambi\u00e9n resalt\u00f3 el anuncio sobre el programa de cr\u00e9ditos de hasta $400.000. Sobre esto, Alem\u00e1n dijo: \u201cEstamos entregando m\u00e1s de 150 mil cr\u00e9ditos por semana en todo el pa\u00eds a una tasa del 29% que es muy por debajo de la oferta del mercado\u201d. Tambi\u00e9n coment\u00f3 que tienen una agenda completa de turnos para los pr\u00f3ximos dos meses.<\/div>\n","protected":false},"excerpt":{"rendered":"<p>El jefe regional de ANSES habl\u00f3 sobre las medidas anunciadas en el d\u00eda de ayer por el ministro de Econom\u00eda, Sergio Massa, e hizo hincapi\u00e9 en los beneficios que recibir\u00e1n las personas jubiladas y pensionadas. Agust\u00edn Aleman, jefe regional de ANSES, dialog\u00f3 con Radio Provincia del Chaco sobre los anuncios y las medidas econ\u00f3micas que [&hellip;]<\/p>\n","protected":false},"author":1,"featured_media":25861,"comment_status":"closed","ping_status":"closed","sticky":false,"template":"","format":"standard","meta":{"footnotes":""},"categories":[6],"tags":[],"class_list":{"0":"post-25860","1":"post","2":"type-post","3":"status-publish","4":"format-standard","5":"has-post-thumbnail","7":"category-chaco"},"_links":{"self":[{"href":"https:\/\/chacosintesis.com.ar\/index.php\/wp-json\/wp\/v2\/posts\/25860","targetHints":{"allow":["GET"]}}],"collection":[{"href":"https:\/\/chacosintesis.com.ar\/index.php\/wp-json\/wp\/v2\/posts"}],"about":[{"href":"https:\/\/chacosintesis.com.ar\/index.php\/wp-json\/wp\/v2\/types\/post"}],"author":[{"embeddable":true,"href":"https:\/\/chacosintesis.com.ar\/index.php\/wp-json\/wp\/v2\/users\/1"}],"replies":[{"embeddable":true,"href":"https:\/\/chacosintesis.com.ar\/index.php\/wp-json\/wp\/v2\/comments?post=25860"}],"version-history":[{"count":0,"href":"https:\/\/chacosintesis.com.ar\/index.php\/wp-json\/wp\/v2\/posts\/25860\/revisions"}],"wp:featuredmedia":[{"embeddable":true,"href":"https:\/\/chacosintesis.com.ar\/index.php\/wp-json\/wp\/v2\/media\/25861"}],"wp:attachment":[{"href":"https:\/\/chacosintesis.com.ar\/index.php\/wp-json\/wp\/v2\/media?parent=25860"}],"wp:term":[{"taxonomy":"category","embeddable":true,"href":"https:\/\/chacosintesis.com.ar\/index.php\/wp-json\/wp\/v2\/categories?post=25860"},{"taxonomy":"post_tag","embeddable":true,"href":"https:\/\/chacosintesis.com.ar\/index.php\/wp-json\/wp\/v2\/tags?post=25860"}],"curies":[{"name":"wp","href":"https:\/\/api.w.org\/{rel}","templated":true}]}}