{"id":25858,"date":"2023-08-28T15:57:43","date_gmt":"2023-08-28T18:57:43","guid":{"rendered":"https:\/\/chacosintesis.com.ar\/?p=25858"},"modified":"2023-08-28T16:07:50","modified_gmt":"2023-08-28T19:07:50","slug":"comienza-la-semana-nano-para-explorar-las-innovaciones-y-oportunidades-de-la-nanotecnologia","status":"publish","type":"post","link":"https:\/\/chacosintesis.com.ar\/index.php\/comienza-la-semana-nano-para-explorar-las-innovaciones-y-oportunidades-de-la-nanotecnologia\/","title":{"rendered":"Comienza la &#8220;Semana Nano&#8221;, para explorar las innovaciones y oportunidades de la nanotecnolog\u00eda"},"content":{"rendered":"<div class=\"postie-post\">El evento est\u00e1 destinado a funcionarios, periodistas, estudiantes, empresarios, emprendedores, profesionales e investigadores y contar\u00e1 con actividades gratuitas en Fontana, Resistencia y S\u00e1enz Pe\u00f1a.<br \/>\nSemana Nano es una iniciativa organizada por el Instituto Chaque\u00f1o de Ciencia, Tecnolog\u00eda e Innovaci\u00f3n (ICCTI) y la Fundaci\u00f3n Argentina de Nanotecnolog\u00eda (FAN), que se realizar\u00e1 en la provincia desde el 28 de agosto hasta el 1\u00b0 de septiembre. A trav\u00e9s de charlas, talleres y experimentos, se busca impulsar el desarrollo local de la nanotecnolog\u00eda y explorar sus potencialidades. El evento est\u00e1 destinado a funcionarios, periodistas, estudiantes, empresarios, emprendedores, profesionales e investigadores y contar\u00e1 con actividades gratuitas en Fontana, Resistencia y S\u00e1enz Pe\u00f1a. En el marco de las iniciativas para federalizar la nanotecnolog\u00eda en todo el pa\u00eds, y previo a la instalaci\u00f3n de una sede de la FAN en el Chaco, se propuso realizar la Semana Nano por primera vez en la provincia. \u201cEs un evento integral que organizamos junto a la Fundaci\u00f3n Argentina de Nanotecnolog\u00eda con el objetivo de acercar las novedades existentes en el campo de la nanotecnolog\u00eda, sus aplicaciones en la industria y sus potencialidades a nivel local\u201d, destac\u00f3 Sergio Lapertosa, del \u00c1rea de Coordinaci\u00f3n del ICTTI. \u201cHabr\u00e1 talleres para quienes toman decisiones o divulgan esta tecnolog\u00eda, otros para pymes y startups que tienen la posibilidad de utilizarlas y tambi\u00e9n actividades para estudiantes universitarios y secundarios que tengan inter\u00e9s en la tem\u00e1tica\u201d, agreg\u00f3. Asimismo, resalt\u00f3: \u201ces sumamente importante que la Semana Nano de la FAN llegue al Chaco, porque la nanotecnolog\u00eda es una de esas tecnolog\u00edas que son transversales, como lo pueden ser las ciencias de la computaci\u00f3n, la inform\u00e1tica y la inteligencia artificial, cuyo desarrollo puede tener impacto en varios sectores\u201d. La nanotecnolog\u00eda puede ser de mucha utilidad en el desarrollo de materiales, el sector textil, de alimentos, en la construcci\u00f3n, en la salud y en el agro, entre otros. \u201cDesde el ICCTI venimos trabajando con la Fundaci\u00f3n Argentina de Nanotecnolog\u00eda hace tiempo, establecimos un convenio marco de cooperaci\u00f3n y convenios espec\u00edficos con la idea de instalar una sede de la FAN en la provincia del Chaco\u201d, cont\u00f3 el responsable del \u00c1rea de Coordinaci\u00f3n del instituto. \u201cJunto con diferentes actores del sistema cient\u00edfico tecnol\u00f3gico, como la Facultad de Ingenier\u00eda de la UNNE, estamos avanzando en un proyecto para la construcci\u00f3n del Centro de Nanotecnolog\u00eda y Ciencia e Ingenier\u00eda de Materiales en el Chaco (CeNCIM) y la Semana Nano nos permite visibilizar esta propuesta e impulsar el desarrollo de la nanotecnolog\u00eda tambi\u00e9n en otros sectores estrat\u00e9gicos\u201d, agreg\u00f3. Por su parte, la presidenta de la FAN, Vera \u00c1lvarez, destac\u00f3 que &#8220;la llegada de la Semana Nano a Chaco es una gran oportunidad para difundir las potencialidades de la nanotecnolog\u00eda en la sociedad chaque\u00f1a. La propuesta de la FAN y el ICCTI busca acercar la nano a cada p\u00fablico de manera accesible y enfocada en los desaf\u00edos y oportunidades de la provincia&#8221;.<\/p>\n<p> Actividades de la Semana Nano en el Chaco<\/p>\n<p>El programa de actividades iniciar\u00e1 el lunes 28 de agosto, con el lanzamiento de la \u201cSemana Nano\u201d en el Sal\u00f3n de la Reforma de la UNNE. La primera actividad ser\u00e1 un taller de Introducci\u00f3n a la Nanotecnolog\u00eda destinado a periodistas y funcionarios provinciales y municipales, a cargo de los profesionales de la FAN. El 29 y 30 de agosto se realizar\u00e1n talleres \u201cNano por un d\u00eda\u201d para estudiantes secundarios en la Facultad Regional Resistencia UTN, el Laboratorio Conectar Lab (Fontana) y en la Universidad Nacional del Chaco Austral (S\u00e1enz Pe\u00f1a). Asimismo, la Semana Nano contar\u00e1 con dos eventos centrales que son abiertos para todo p\u00fablico. Uno de ellos ser\u00e1 la Performance Nano que se realizar\u00e1 en el Aula Magna de la UNNE, una puesta teatral donde se divulgar\u00e1 la nanotecnolog\u00eda, sus aplicaciones y algunos experimentos en vivo. \u201cTambi\u00e9n contaremos con otro evento donde los grupos de investigaci\u00f3n que trabajan en el Chaco, de universidades y CONICET, van a mostrar cu\u00e1les son sus capacidades y las oportunidades que pueden brindar al respecto\u201d, indic\u00f3 Lapertosa. Por otra parte, el 30 de agosto se realizar\u00e1 una actividad denominada \u201cTaller Nano para Pymes\u201d en el Laboratorio de Qu\u00edmica de la Facultad Ingenier\u00eda de la UNNE, con el objetivo de proporcionar conocimientos en el campo de la nanotecnolog\u00eda y explorar posibles aplicaciones para la industria local. Por \u00faltimo, el viernes 1\u00b0 de septiembre se llevar\u00e1 a cabo el Seminario de Capacidades Regionales en Nanotecnolog\u00eda para difundir el trabajo que vienen realizando grupos abocados a la Nanotecnolog\u00eda en el Chaco. Para conocer m\u00e1s informaci\u00f3n del evento y la grilla completa de actividades se puede ingresar a iccti.chaco.gob.ar\/semananano o enviar un mail a <a href=\"mailto:semanananochaco@gmail.com\">semanananochaco@gmail.com<\/a>.<\/div>\n","protected":false},"excerpt":{"rendered":"<p>El evento est\u00e1 destinado a funcionarios, periodistas, estudiantes, empresarios, emprendedores, profesionales e investigadores y contar\u00e1 con actividades gratuitas en Fontana, Resistencia y S\u00e1enz Pe\u00f1a. Semana Nano es una iniciativa organizada por el Instituto Chaque\u00f1o de Ciencia, Tecnolog\u00eda e Innovaci\u00f3n (ICCTI) y la Fundaci\u00f3n Argentina de Nanotecnolog\u00eda (FAN), que se realizar\u00e1 en la provincia desde el [&hellip;]<\/p>\n","protected":false},"author":1,"featured_media":25859,"comment_status":"closed","ping_status":"closed","sticky":false,"template":"","format":"standard","meta":{"footnotes":""},"categories":[6],"tags":[],"class_list":{"0":"post-25858","1":"post","2":"type-post","3":"status-publish","4":"format-standard","5":"has-post-thumbnail","7":"category-chaco"},"_links":{"self":[{"href":"https:\/\/chacosintesis.com.ar\/index.php\/wp-json\/wp\/v2\/posts\/25858","targetHints":{"allow":["GET"]}}],"collection":[{"href":"https:\/\/chacosintesis.com.ar\/index.php\/wp-json\/wp\/v2\/posts"}],"about":[{"href":"https:\/\/chacosintesis.com.ar\/index.php\/wp-json\/wp\/v2\/types\/post"}],"author":[{"embeddable":true,"href":"https:\/\/chacosintesis.com.ar\/index.php\/wp-json\/wp\/v2\/users\/1"}],"replies":[{"embeddable":true,"href":"https:\/\/chacosintesis.com.ar\/index.php\/wp-json\/wp\/v2\/comments?post=25858"}],"version-history":[{"count":0,"href":"https:\/\/chacosintesis.com.ar\/index.php\/wp-json\/wp\/v2\/posts\/25858\/revisions"}],"wp:featuredmedia":[{"embeddable":true,"href":"https:\/\/chacosintesis.com.ar\/index.php\/wp-json\/wp\/v2\/media\/25859"}],"wp:attachment":[{"href":"https:\/\/chacosintesis.com.ar\/index.php\/wp-json\/wp\/v2\/media?parent=25858"}],"wp:term":[{"taxonomy":"category","embeddable":true,"href":"https:\/\/chacosintesis.com.ar\/index.php\/wp-json\/wp\/v2\/categories?post=25858"},{"taxonomy":"post_tag","embeddable":true,"href":"https:\/\/chacosintesis.com.ar\/index.php\/wp-json\/wp\/v2\/tags?post=25858"}],"curies":[{"name":"wp","href":"https:\/\/api.w.org\/{rel}","templated":true}]}}