{"id":25856,"date":"2023-08-28T15:55:33","date_gmt":"2023-08-28T18:55:33","guid":{"rendered":"https:\/\/chacosintesis.com.ar\/?p=25856"},"modified":"2023-08-28T16:07:42","modified_gmt":"2023-08-28T19:07:42","slug":"se-realizara-una-charla-sobre-derecho-animal-en-la-feria-del-libro-juridico","status":"publish","type":"post","link":"https:\/\/chacosintesis.com.ar\/index.php\/se-realizara-una-charla-sobre-derecho-animal-en-la-feria-del-libro-juridico\/","title":{"rendered":"Se realizar\u00e1 una charla sobre derecho animal en la Feria del Libro Jur\u00eddico"},"content":{"rendered":"<div class=\"postie-post\">Bajo el t\u00edtulo \u201cDerecho animal, prevenci\u00f3n y erradicaci\u00f3n de la violencia\u201d, disertar\u00e1n 12 profesionales, teniendo como eje al animal como sujeto de derecho. La entrada ser\u00e1 libre y gratuita.<br \/>\nEn el marco de la XII edici\u00f3n de la Feria del Libro Jur\u00eddico, bajo el lema \u201cSociedad y Derechos, Nuevos Horizontes\u201d, organizado por Librer\u00eda de la Paz y el Colegio de Abogados y Procuradores de Resistencia, se realizar\u00e1 hoy de 17 a 20 en el Centro Cultural Nordeste (Arturo Illia 355) una charla sobre los derechos de los animales. La entrada ser\u00e1 libre y gratuita.<br \/>\nEn este sentido, disertar\u00e1n 12 profesionales sobre diversos puntos a tener en cuenta. La charla se titula: \u201cDerecho animal, prevenci\u00f3n y erradicaci\u00f3n de la violencia\u201d. Entre los temas m\u00e1s destacados se encuentra el animal como sujeto de derecho, la historial del derecho animal y la cosmovisi\u00f3n ambiental y el cuidado del animal y el ambiente.<br \/>\nSonia Sosa, directora del Instituto de Derecho Animal dentro del Colegio de Abogados, expres\u00f3 la importancia de asistir y darle apoyo a este tipo de charlas por el \u201cdesconocimiento de los mismos organismos p\u00fablicos\u201d. \u201cFalta aceitar los conocimientos para que podamos tratar cualquier tema que tenga con ver con animales\u201d, dijo, y concluy\u00f3: \u201cLa gente puede ir directamente a la charla sin inscribirse. Es importante que la sociedad apoye, se involucre y se presente hoy\u201d.<\/div>\n","protected":false},"excerpt":{"rendered":"<p>Bajo el t\u00edtulo \u201cDerecho animal, prevenci\u00f3n y erradicaci\u00f3n de la violencia\u201d, disertar\u00e1n 12 profesionales, teniendo como eje al animal como sujeto de derecho. La entrada ser\u00e1 libre y gratuita. En el marco de la XII edici\u00f3n de la Feria del Libro Jur\u00eddico, bajo el lema \u201cSociedad y Derechos, Nuevos Horizontes\u201d, organizado por Librer\u00eda de la [&hellip;]<\/p>\n","protected":false},"author":1,"featured_media":25857,"comment_status":"closed","ping_status":"closed","sticky":false,"template":"","format":"standard","meta":{"footnotes":""},"categories":[6],"tags":[],"class_list":{"0":"post-25856","1":"post","2":"type-post","3":"status-publish","4":"format-standard","5":"has-post-thumbnail","7":"category-chaco"},"_links":{"self":[{"href":"https:\/\/chacosintesis.com.ar\/index.php\/wp-json\/wp\/v2\/posts\/25856","targetHints":{"allow":["GET"]}}],"collection":[{"href":"https:\/\/chacosintesis.com.ar\/index.php\/wp-json\/wp\/v2\/posts"}],"about":[{"href":"https:\/\/chacosintesis.com.ar\/index.php\/wp-json\/wp\/v2\/types\/post"}],"author":[{"embeddable":true,"href":"https:\/\/chacosintesis.com.ar\/index.php\/wp-json\/wp\/v2\/users\/1"}],"replies":[{"embeddable":true,"href":"https:\/\/chacosintesis.com.ar\/index.php\/wp-json\/wp\/v2\/comments?post=25856"}],"version-history":[{"count":0,"href":"https:\/\/chacosintesis.com.ar\/index.php\/wp-json\/wp\/v2\/posts\/25856\/revisions"}],"wp:featuredmedia":[{"embeddable":true,"href":"https:\/\/chacosintesis.com.ar\/index.php\/wp-json\/wp\/v2\/media\/25857"}],"wp:attachment":[{"href":"https:\/\/chacosintesis.com.ar\/index.php\/wp-json\/wp\/v2\/media?parent=25856"}],"wp:term":[{"taxonomy":"category","embeddable":true,"href":"https:\/\/chacosintesis.com.ar\/index.php\/wp-json\/wp\/v2\/categories?post=25856"},{"taxonomy":"post_tag","embeddable":true,"href":"https:\/\/chacosintesis.com.ar\/index.php\/wp-json\/wp\/v2\/tags?post=25856"}],"curies":[{"name":"wp","href":"https:\/\/api.w.org\/{rel}","templated":true}]}}