{"id":25850,"date":"2023-08-28T15:50:21","date_gmt":"2023-08-28T18:50:21","guid":{"rendered":"https:\/\/chacosintesis.com.ar\/?p=25850"},"modified":"2023-08-28T16:07:28","modified_gmt":"2023-08-28T19:07:28","slug":"posta-de-vacunacion-y-concientizacion-para-grupos-de-riesgo-en-la-plaza-25-de-mayo","status":"publish","type":"post","link":"https:\/\/chacosintesis.com.ar\/index.php\/posta-de-vacunacion-y-concientizacion-para-grupos-de-riesgo-en-la-plaza-25-de-mayo\/","title":{"rendered":"Posta de vacunaci\u00f3n y concientizaci\u00f3n para grupos de riesgo en la plaza 25 de Mayo"},"content":{"rendered":"<div class=\"postie-post\">\u201cEs una iniciativa de la Sociedad Argentina de Vacunolog\u00eda y Epidemiolog\u00eda con la intenci\u00f3n de evacuar dudas y brindar informaci\u00f3n a todas las personas que quieran acercarse\u201d, expres\u00f3 Antonieta Cayre, integrante del Programa Ampliado de Inmunizaciones (PAI) de Chaco.<br \/>\nAntonieta Cayre, integrante del Programa Ampliado de Inmunizaciones (PAI) de Chaco, dialog\u00f3 con Radio Provincia del Chaco sobre la posta de vacunaci\u00f3n y concientizaci\u00f3n que se encuentra hoy en la plaza 25 de Mayo (Julio A. Roca y avenida Alberdi) desde las 9 hasta las 15. \u201cEs una iniciativa de la Sociedad Argentina de Vacunolog\u00eda y Epidemiolog\u00eda (SAVE) con la intenci\u00f3n de evacuar dudas y brindar informaci\u00f3n a todas las personas que quieran acercarse\u201d, expres\u00f3.<br \/>\nEn este sentido, explic\u00f3 que se encuentran vacunando contra gripe y neumon\u00eda, haciendo hincapi\u00e9 en las personas de riesgo y m\u00e1s vulnerables. Asimismo, tambi\u00e9n se encuentran vacunando contra el covid para toda la poblaci\u00f3n en general. Como requisitos para colocarse las vacunas se encuentra el pedido del DNI y del carnet de vacunaci\u00f3n en algunos casos. Adem\u00e1s, el personal se encuentra entregando material informativo sobre la importancia de inmunizarse contra la neumon\u00eda, la gripe y la Covid-19.<br \/>\n\u201cSe trata de una posta itinerante que recorre varias provincias del pa\u00eds\u201d, explic\u00f3 Cayre. Esta posta \u00fanicamente estar\u00e1 hoy en Resistencia. \u201cEs un personal especializado de la Sociedad Argentina de Vacunolog\u00eda, del personal del Departamento de Inmunizaciones y de la Direcci\u00f3n de Enfermer\u00eda de la provincia\u201d, detall\u00f3.<br \/>\nPor \u00faltimo, record\u00f3 la importancia de \u201cno relajarse\u201d y de colocarse las vacunas \u201ccuando tenemos la oportunidad\u201d, as\u00ed como tambi\u00e9n mantener el carnet de vacunaci\u00f3n completo \u201caunque sean personas sanas\u201d. \u201cEs un buen momento para completar los esquemas de vacunaci\u00f3n. La mejor forma de proteger al que no se puede vacunar es vacun\u00e1ndose. Lo ideal es completarlos, sobre todo las personas que tienen patolog\u00edas de base\u201d, concluy\u00f3.<\/div>\n","protected":false},"excerpt":{"rendered":"<p>\u201cEs una iniciativa de la Sociedad Argentina de Vacunolog\u00eda y Epidemiolog\u00eda con la intenci\u00f3n de evacuar dudas y brindar informaci\u00f3n a todas las personas que quieran acercarse\u201d, expres\u00f3 Antonieta Cayre, integrante del Programa Ampliado de Inmunizaciones (PAI) de Chaco. Antonieta Cayre, integrante del Programa Ampliado de Inmunizaciones (PAI) de Chaco, dialog\u00f3 con Radio Provincia del [&hellip;]<\/p>\n","protected":false},"author":1,"featured_media":25851,"comment_status":"closed","ping_status":"closed","sticky":false,"template":"","format":"standard","meta":{"footnotes":""},"categories":[6],"tags":[],"class_list":{"0":"post-25850","1":"post","2":"type-post","3":"status-publish","4":"format-standard","5":"has-post-thumbnail","7":"category-chaco"},"_links":{"self":[{"href":"https:\/\/chacosintesis.com.ar\/index.php\/wp-json\/wp\/v2\/posts\/25850","targetHints":{"allow":["GET"]}}],"collection":[{"href":"https:\/\/chacosintesis.com.ar\/index.php\/wp-json\/wp\/v2\/posts"}],"about":[{"href":"https:\/\/chacosintesis.com.ar\/index.php\/wp-json\/wp\/v2\/types\/post"}],"author":[{"embeddable":true,"href":"https:\/\/chacosintesis.com.ar\/index.php\/wp-json\/wp\/v2\/users\/1"}],"replies":[{"embeddable":true,"href":"https:\/\/chacosintesis.com.ar\/index.php\/wp-json\/wp\/v2\/comments?post=25850"}],"version-history":[{"count":0,"href":"https:\/\/chacosintesis.com.ar\/index.php\/wp-json\/wp\/v2\/posts\/25850\/revisions"}],"wp:featuredmedia":[{"embeddable":true,"href":"https:\/\/chacosintesis.com.ar\/index.php\/wp-json\/wp\/v2\/media\/25851"}],"wp:attachment":[{"href":"https:\/\/chacosintesis.com.ar\/index.php\/wp-json\/wp\/v2\/media?parent=25850"}],"wp:term":[{"taxonomy":"category","embeddable":true,"href":"https:\/\/chacosintesis.com.ar\/index.php\/wp-json\/wp\/v2\/categories?post=25850"},{"taxonomy":"post_tag","embeddable":true,"href":"https:\/\/chacosintesis.com.ar\/index.php\/wp-json\/wp\/v2\/tags?post=25850"}],"curies":[{"name":"wp","href":"https:\/\/api.w.org\/{rel}","templated":true}]}}