{"id":25846,"date":"2023-08-28T15:47:16","date_gmt":"2023-08-28T18:47:16","guid":{"rendered":"https:\/\/chacosintesis.com.ar\/?p=25846"},"modified":"2023-08-28T16:07:17","modified_gmt":"2023-08-28T19:07:17","slug":"esta-noche-sera-el-debate-preelectoral-de-candidatos-a-gobernador-del-chaco","status":"publish","type":"post","link":"https:\/\/chacosintesis.com.ar\/index.php\/esta-noche-sera-el-debate-preelectoral-de-candidatos-a-gobernador-del-chaco\/","title":{"rendered":"Esta noche ser\u00e1 el debate preelectoral de candidatos a gobernador del Chaco"},"content":{"rendered":"<div class=\"postie-post\">Tendr\u00e1 lugar en el Hotel Platinum de Charata, a partir de las 21, con transmisi\u00f3n en vivo a trav\u00e9s de Canal 9 \u2013 TV Resistencia SA.<br \/>\nEsta noche continuar\u00e1n los debates preelectorales en el Hotel Platinum de Charata, a partir de las 21. Esta vez ser\u00e1 el turno de los candidatos a gobernador del Chaco.<br \/>\nPara ello, el Tribunal Electoral (TE) del Chaco sorte\u00f3 el orden en que se desarrollar\u00e1n las instancias de los debates. En el acto estuvieron presentes la presidenta del TE, Emilia Mar\u00eda Valle, la jueza Silvana Morando, el procurador fiscal Francisco De Obald\u00eda Eyseric y la secretaria electoral Marcela Centuri\u00f3n Yedro, adem\u00e1s de apoderadas y apoderados de las agrupaciones pol\u00edticas encuadradas en la obligatoriedad de la ley 2113-Q.<br \/>\nLa moderaci\u00f3n de los debates para candidatos a gobernador estar\u00e1 a cargo de Pedro C\u00e1ceres como titular y Miguel Escalante como suplente.<br \/>\nDe acuerdo al sorteo, los atriles ser\u00e1n ocupados en el siguiente orden: 1. Leandro Zdero, 2. Gustavo Mart\u00ednez, 3. Jorge Capitanich.<br \/>\nEl orden de incorporaci\u00f3n al set, presentaci\u00f3n inicial a cargo del moderador y presentaci\u00f3n propia de cada candidato ser\u00e1: Mart\u00ednez, Capitanich, Zdero.<\/p>\n<p>Los bloques tem\u00e1ticos ser\u00e1n los mismos que los del d\u00eda de ayer, en el debate de candidatos a diputados:<br \/>\n1. Desarrollo econ\u00f3mico: producci\u00f3n, industria y comercio.<br \/>\n2.Desarrollo humano: discapacidad, juventud y deportes, g\u00e9nero y diversidad, y pueblos ind\u00edgenas.<br \/>\n3. Seguridad y justicia: calidad institucional, pol\u00edtica anticorrupci\u00f3n.<br \/>\n4. Tem\u00e1tica abierta: tres preguntas de redes, tel\u00e9fonos y otros.<\/p>\n<p>El orden de exposici\u00f3n ser\u00e1:<br \/>\nBloque 1: Capitanich, Zdero y Mart\u00ednez.<br \/>\nBloque 2: Zdero, Mart\u00ednez y Capitanich.<br \/>\nBloque 3: Mart\u00ednez, Capitanich y Zdero.<br \/>\nBloque 4: Capitanich, Zdero y Mart\u00ednez<br \/>\nCierre: Zdero, Mart\u00ednez, Capitanich.<\/p><\/div>\n","protected":false},"excerpt":{"rendered":"<p>Tendr\u00e1 lugar en el Hotel Platinum de Charata, a partir de las 21, con transmisi\u00f3n en vivo a trav\u00e9s de Canal 9 \u2013 TV Resistencia SA. Esta noche continuar\u00e1n los debates preelectorales en el Hotel Platinum de Charata, a partir de las 21. Esta vez ser\u00e1 el turno de los candidatos a gobernador del Chaco. [&hellip;]<\/p>\n","protected":false},"author":1,"featured_media":25847,"comment_status":"closed","ping_status":"closed","sticky":false,"template":"","format":"standard","meta":{"footnotes":""},"categories":[6],"tags":[],"class_list":{"0":"post-25846","1":"post","2":"type-post","3":"status-publish","4":"format-standard","5":"has-post-thumbnail","7":"category-chaco"},"_links":{"self":[{"href":"https:\/\/chacosintesis.com.ar\/index.php\/wp-json\/wp\/v2\/posts\/25846","targetHints":{"allow":["GET"]}}],"collection":[{"href":"https:\/\/chacosintesis.com.ar\/index.php\/wp-json\/wp\/v2\/posts"}],"about":[{"href":"https:\/\/chacosintesis.com.ar\/index.php\/wp-json\/wp\/v2\/types\/post"}],"author":[{"embeddable":true,"href":"https:\/\/chacosintesis.com.ar\/index.php\/wp-json\/wp\/v2\/users\/1"}],"replies":[{"embeddable":true,"href":"https:\/\/chacosintesis.com.ar\/index.php\/wp-json\/wp\/v2\/comments?post=25846"}],"version-history":[{"count":0,"href":"https:\/\/chacosintesis.com.ar\/index.php\/wp-json\/wp\/v2\/posts\/25846\/revisions"}],"wp:featuredmedia":[{"embeddable":true,"href":"https:\/\/chacosintesis.com.ar\/index.php\/wp-json\/wp\/v2\/media\/25847"}],"wp:attachment":[{"href":"https:\/\/chacosintesis.com.ar\/index.php\/wp-json\/wp\/v2\/media?parent=25846"}],"wp:term":[{"taxonomy":"category","embeddable":true,"href":"https:\/\/chacosintesis.com.ar\/index.php\/wp-json\/wp\/v2\/categories?post=25846"},{"taxonomy":"post_tag","embeddable":true,"href":"https:\/\/chacosintesis.com.ar\/index.php\/wp-json\/wp\/v2\/tags?post=25846"}],"curies":[{"name":"wp","href":"https:\/\/api.w.org\/{rel}","templated":true}]}}