{"id":258413,"date":"2026-08-20T22:19:00","date_gmt":"2026-08-21T01:19:00","guid":{"rendered":"https:\/\/chacosintesis.com.ar\/?p=258413"},"modified":"2026-08-21T20:29:17","modified_gmt":"2026-08-21T23:29:17","slug":"saenz-pena-fue-sede-de-una-jornada-de-la-gira-grassfed-chaco-2026","status":"publish","type":"post","link":"https:\/\/chacosintesis.com.ar\/index.php\/saenz-pena-fue-sede-de-una-jornada-de-la-gira-grassfed-chaco-2026\/","title":{"rendered":"S\u00e1enz Pe\u00f1a fue sede de una jornada de la Gira Grassfed Chaco 2026"},"content":{"rendered":"\n<p class=\"wp-block-paragraph\">En el marco de la Gira Grassfed Chaco 2026, se realiz\u00f3 en el Club Social de Presidencia Roque S\u00e1enz Pe\u00f1a una jornada dedicada a compartir experiencias y conocimientos vinculados a la ganader\u00eda regenerativa, el manejo de suelos y la producci\u00f3n sustentable.<\/p>\n\n\n\n<p class=\"wp-block-paragraph\">La actividad cont\u00f3 con la presencia del intendente Bruno Cipolini; el ministro de la Producci\u00f3n de la Provincia, Oscar Dudik; la secretaria de Producci\u00f3n Primaria, Florencia Madzarevich; t\u00e9cnicos del INTA, representantes de instituciones vinculadas al sector y productores de la zona.<\/p>\n\n\n\n<figure class=\"wp-block-image size-full\"><img loading=\"lazy\" loading=\"lazy\" decoding=\"async\" width=\"2560\" height=\"1706\" src=\"https:\/\/chacosintesis.com.ar\/wp-content\/uploads\/2026\/08\/WhatsApp-Image-2026-08-20-at-18.04.25-1.jpeg\" alt=\"\" class=\"wp-image-258415\" srcset=\"https:\/\/chacosintesis.com.ar\/wp-content\/uploads\/2026\/08\/WhatsApp-Image-2026-08-20-at-18.04.25-1.jpeg 2560w, https:\/\/chacosintesis.com.ar\/wp-content\/uploads\/2026\/08\/WhatsApp-Image-2026-08-20-at-18.04.25-1-768x512.jpeg 768w, https:\/\/chacosintesis.com.ar\/wp-content\/uploads\/2026\/08\/WhatsApp-Image-2026-08-20-at-18.04.25-1-1536x1024.jpeg 1536w, https:\/\/chacosintesis.com.ar\/wp-content\/uploads\/2026\/08\/WhatsApp-Image-2026-08-20-at-18.04.25-1-2048x1365.jpeg 2048w, https:\/\/chacosintesis.com.ar\/wp-content\/uploads\/2026\/08\/WhatsApp-Image-2026-08-20-at-18.04.25-1-330x220.jpeg 330w, https:\/\/chacosintesis.com.ar\/wp-content\/uploads\/2026\/08\/WhatsApp-Image-2026-08-20-at-18.04.25-1-420x280.jpeg 420w, https:\/\/chacosintesis.com.ar\/wp-content\/uploads\/2026\/08\/WhatsApp-Image-2026-08-20-at-18.04.25-1-615x410.jpeg 615w, https:\/\/chacosintesis.com.ar\/wp-content\/uploads\/2026\/08\/WhatsApp-Image-2026-08-20-at-18.04.25-1-860x573.jpeg 860w\" sizes=\"auto, (max-width: 2560px) 100vw, 2560px\" \/><\/figure>\n\n\n\n<p class=\"wp-block-paragraph\">Durante la jornada se desarroll\u00f3 un programa de exposiciones breves en el que se presentaron distintas experiencias vinculadas a la regeneraci\u00f3n de suelos, el manejo hol\u00edstico, la integraci\u00f3n vertical y familiar de la producci\u00f3n, la ganader\u00eda con b\u00fafalos y la certificaci\u00f3n bajo protocolos Grassfed, entre otras tem\u00e1ticas.<\/p>\n\n\n\n<p class=\"wp-block-paragraph\">Tambi\u00e9n se compartieron experiencias del programa municipal S\u00e1enz Pe\u00f1a Regenera, una iniciativa que promueve pr\u00e1cticas productivas sustentables y el cuidado de los recursos naturales, articulando el trabajo entre el Municipio, instituciones t\u00e9cnicas, productores y organizaciones del sector.<\/p>\n\n\n\n<figure class=\"wp-block-image size-full\"><img loading=\"lazy\" loading=\"lazy\" decoding=\"async\" width=\"2560\" height=\"1706\" src=\"https:\/\/chacosintesis.com.ar\/wp-content\/uploads\/2026\/08\/WhatsApp-Image-2026-08-20-at-18.04.24.jpeg\" alt=\"\" class=\"wp-image-258414\" srcset=\"https:\/\/chacosintesis.com.ar\/wp-content\/uploads\/2026\/08\/WhatsApp-Image-2026-08-20-at-18.04.24.jpeg 2560w, https:\/\/chacosintesis.com.ar\/wp-content\/uploads\/2026\/08\/WhatsApp-Image-2026-08-20-at-18.04.24-768x512.jpeg 768w, https:\/\/chacosintesis.com.ar\/wp-content\/uploads\/2026\/08\/WhatsApp-Image-2026-08-20-at-18.04.24-1536x1024.jpeg 1536w, https:\/\/chacosintesis.com.ar\/wp-content\/uploads\/2026\/08\/WhatsApp-Image-2026-08-20-at-18.04.24-2048x1365.jpeg 2048w, https:\/\/chacosintesis.com.ar\/wp-content\/uploads\/2026\/08\/WhatsApp-Image-2026-08-20-at-18.04.24-330x220.jpeg 330w, https:\/\/chacosintesis.com.ar\/wp-content\/uploads\/2026\/08\/WhatsApp-Image-2026-08-20-at-18.04.24-420x280.jpeg 420w, https:\/\/chacosintesis.com.ar\/wp-content\/uploads\/2026\/08\/WhatsApp-Image-2026-08-20-at-18.04.24-615x410.jpeg 615w, https:\/\/chacosintesis.com.ar\/wp-content\/uploads\/2026\/08\/WhatsApp-Image-2026-08-20-at-18.04.24-860x573.jpeg 860w\" sizes=\"auto, (max-width: 2560px) 100vw, 2560px\" \/><\/figure>\n\n\n\n<p class=\"wp-block-paragraph\">La jornada permiti\u00f3 generar un espacio de intercambio y aprendizaje entre especialistas y productores, poniendo en valor la importancia de avanzar hacia modelos productivos que combinen rentabilidad, conservaci\u00f3n de los suelos y sustentabilidad ambiental.<\/p>\n\n\n\n<p class=\"wp-block-paragraph\">Como cierre de la actividad, los participantes realizaron una visita a la planta de envasado al vac\u00edo de Carnes Don Juan, donde pudieron conocer de cerca el proceso de agregado de valor a la producci\u00f3n ganadera local.<\/p>\n","protected":false},"excerpt":{"rendered":"<p>En el marco de la Gira Grassfed Chaco 2026, se realiz\u00f3 en el Club Social de Presidencia Roque S\u00e1enz Pe\u00f1a una jornada dedicada a compartir experiencias y conocimientos vinculados a la ganader\u00eda regenerativa, el manejo de suelos y la producci\u00f3n sustentable. La actividad cont\u00f3 con la presencia del intendente Bruno Cipolini; el ministro de la [&hellip;]<\/p>\n","protected":false},"author":10001,"featured_media":258423,"comment_status":"closed","ping_status":"closed","sticky":false,"template":"","format":"standard","meta":{"footnotes":""},"categories":[6],"tags":[628],"class_list":["post-258413","post","type-post","status-publish","format-standard","has-post-thumbnail","category-chaco","tag-saenzpena"],"_links":{"self":[{"href":"https:\/\/chacosintesis.com.ar\/index.php\/wp-json\/wp\/v2\/posts\/258413","targetHints":{"allow":["GET"]}}],"collection":[{"href":"https:\/\/chacosintesis.com.ar\/index.php\/wp-json\/wp\/v2\/posts"}],"about":[{"href":"https:\/\/chacosintesis.com.ar\/index.php\/wp-json\/wp\/v2\/types\/post"}],"author":[{"embeddable":true,"href":"https:\/\/chacosintesis.com.ar\/index.php\/wp-json\/wp\/v2\/users\/10001"}],"replies":[{"embeddable":true,"href":"https:\/\/chacosintesis.com.ar\/index.php\/wp-json\/wp\/v2\/comments?post=258413"}],"version-history":[{"count":1,"href":"https:\/\/chacosintesis.com.ar\/index.php\/wp-json\/wp\/v2\/posts\/258413\/revisions"}],"predecessor-version":[{"id":258437,"href":"https:\/\/chacosintesis.com.ar\/index.php\/wp-json\/wp\/v2\/posts\/258413\/revisions\/258437"}],"wp:featuredmedia":[{"embeddable":true,"href":"https:\/\/chacosintesis.com.ar\/index.php\/wp-json\/wp\/v2\/media\/258423"}],"wp:attachment":[{"href":"https:\/\/chacosintesis.com.ar\/index.php\/wp-json\/wp\/v2\/media?parent=258413"}],"wp:term":[{"taxonomy":"category","embeddable":true,"href":"https:\/\/chacosintesis.com.ar\/index.php\/wp-json\/wp\/v2\/categories?post=258413"},{"taxonomy":"post_tag","embeddable":true,"href":"https:\/\/chacosintesis.com.ar\/index.php\/wp-json\/wp\/v2\/tags?post=258413"}],"curies":[{"name":"wp","href":"https:\/\/api.w.org\/{rel}","templated":true}]}}