{"id":25836,"date":"2023-08-28T15:32:45","date_gmt":"2023-08-28T18:32:45","guid":{"rendered":"https:\/\/chacosintesis.com.ar\/?p=25836"},"modified":"2023-08-28T15:37:05","modified_gmt":"2023-08-28T18:37:05","slug":"rechazan-un-proyecto-de-ley-que-busca-la-revinculacion-de-ninos-y-ninas-que-sufrieron-abusos-con-sus-agresores","status":"publish","type":"post","link":"https:\/\/chacosintesis.com.ar\/index.php\/rechazan-un-proyecto-de-ley-que-busca-la-revinculacion-de-ninos-y-ninas-que-sufrieron-abusos-con-sus-agresores\/","title":{"rendered":"Rechazan un proyecto de ley que busca la revinculaci\u00f3n de ni\u00f1os y ni\u00f1as que sufrieron abusos con sus agresores"},"content":{"rendered":"<div class=\"postie-post\">La abogada Especialista en Derecho de las Familias, Sonia Seba, se refiri\u00f3 al compromiso del Estado nacional de respetar la opini\u00f3n de los ni\u00f1os, ni\u00f1as y adolescentes en proporci\u00f3n a su grado de desarrollo.<br \/>\nLa abogada Especialista en Derecho de las Familias, Sonia Seba, habl\u00f3 con Radio Provincia del Chaco sobre el proyecto de Ley 3.000\/22 que establece la creaci\u00f3n de un Registro de Obstructores de V\u00ednculos Familiares. Se trata de una propuesta legislativa presentada por \u00c9lida Cuesta que consiste en la revinculaci\u00f3n forzada de ni\u00f1os y ni\u00f1as con familiares, sin tener en cuenta la opini\u00f3n de las infancias que en ocasiones viven situaciones de abuso y maltrato que estos parientes.<br \/>\nLa abogada manifest\u00f3 que el Estado argentino tiene un compromiso, a partir de tratados internacionales, de proteger a las infancias y darles participaci\u00f3n en proporci\u00f3n a su grado de desarrollo y de poder expresar su opini\u00f3n.<br \/>\nSeg\u00fan la iniciativa legislativa, \u201cse entiende por obstructores a toda persona que, gozando del cuidado de ni\u00f1as, ni\u00f1os y adolescentes, impide la comunicaci\u00f3n y el v\u00ednculo con el otro progenitor y sus familiares habiendo un r\u00e9gimen de comunicaci\u00f3n homologado judicialmente.\u201d En este sentido, Seba aclar\u00f3 que consiste en un mecanismo legal que se vuelve una herramienta estigmatizadora y patologizante, que permitir\u00e1 \u201cque algunos reg\u00edmenes impuestos por la justicia no puedan ser efectivizados\u201d.<br \/>\nLa abogada de Familia reiter\u00f3 que los ni\u00f1as, ni\u00f1os y adolescentes \u201ctienen que participar\u201d y se deben respetar sus opiniones. \u201cCuando hay que ponderar los derechos de personas menores o de adultos, debe priorizar el de ni\u00f1os, ni\u00f1as y adolescentes\u201d, expres\u00f3 y a\u00f1adi\u00f3 que existen las \u201cmedidas razonables\u201d que se debe evaluar en cada caso.<br \/>\n\u201cEspero que los diputados y diputadas lo analicen con seriedad e integralidad, teniendo en cuenta la Convenci\u00f3n Internacional de los Derechos del Ni\u00f1o y el trabajo intenso que se viene haciendo para la prevenci\u00f3n de abusos y maltratos a ni\u00f1os y ni\u00f1as\u201d, dijo la abogada.<br \/>\nAdem\u00e1s record\u00f3 que en las \u00faltimas semanas Chaco adhiri\u00f3 a la Ley Lucio y dijo que &#8220;es contradictorio ahora hablar de un registro para inscribir situaciones sin una finalidad y desde una mirada adultoc\u00e9ntrica&#8221;.<\/div>\n","protected":false},"excerpt":{"rendered":"<p>La abogada Especialista en Derecho de las Familias, Sonia Seba, se refiri\u00f3 al compromiso del Estado nacional de respetar la opini\u00f3n de los ni\u00f1os, ni\u00f1as y adolescentes en proporci\u00f3n a su grado de desarrollo. La abogada Especialista en Derecho de las Familias, Sonia Seba, habl\u00f3 con Radio Provincia del Chaco sobre el proyecto de Ley [&hellip;]<\/p>\n","protected":false},"author":1,"featured_media":25837,"comment_status":"closed","ping_status":"closed","sticky":false,"template":"","format":"standard","meta":{"footnotes":""},"categories":[6],"tags":[],"class_list":{"0":"post-25836","1":"post","2":"type-post","3":"status-publish","4":"format-standard","5":"has-post-thumbnail","7":"category-chaco"},"_links":{"self":[{"href":"https:\/\/chacosintesis.com.ar\/index.php\/wp-json\/wp\/v2\/posts\/25836","targetHints":{"allow":["GET"]}}],"collection":[{"href":"https:\/\/chacosintesis.com.ar\/index.php\/wp-json\/wp\/v2\/posts"}],"about":[{"href":"https:\/\/chacosintesis.com.ar\/index.php\/wp-json\/wp\/v2\/types\/post"}],"author":[{"embeddable":true,"href":"https:\/\/chacosintesis.com.ar\/index.php\/wp-json\/wp\/v2\/users\/1"}],"replies":[{"embeddable":true,"href":"https:\/\/chacosintesis.com.ar\/index.php\/wp-json\/wp\/v2\/comments?post=25836"}],"version-history":[{"count":0,"href":"https:\/\/chacosintesis.com.ar\/index.php\/wp-json\/wp\/v2\/posts\/25836\/revisions"}],"wp:featuredmedia":[{"embeddable":true,"href":"https:\/\/chacosintesis.com.ar\/index.php\/wp-json\/wp\/v2\/media\/25837"}],"wp:attachment":[{"href":"https:\/\/chacosintesis.com.ar\/index.php\/wp-json\/wp\/v2\/media?parent=25836"}],"wp:term":[{"taxonomy":"category","embeddable":true,"href":"https:\/\/chacosintesis.com.ar\/index.php\/wp-json\/wp\/v2\/categories?post=25836"},{"taxonomy":"post_tag","embeddable":true,"href":"https:\/\/chacosintesis.com.ar\/index.php\/wp-json\/wp\/v2\/tags?post=25836"}],"curies":[{"name":"wp","href":"https:\/\/api.w.org\/{rel}","templated":true}]}}