{"id":25832,"date":"2023-08-28T15:29:26","date_gmt":"2023-08-28T18:29:26","guid":{"rendered":"https:\/\/chacosintesis.com.ar\/?p=25832"},"modified":"2023-08-28T15:36:55","modified_gmt":"2023-08-28T18:36:55","slug":"en-septiembre-continuaran-las-actividades-por-el-dia-de-la-cultura-del-chaco","status":"publish","type":"post","link":"https:\/\/chacosintesis.com.ar\/index.php\/en-septiembre-continuaran-las-actividades-por-el-dia-de-la-cultura-del-chaco\/","title":{"rendered":"En septiembre continuar\u00e1n las actividades por el D\u00eda de la Cultura del Chaco"},"content":{"rendered":"<div class=\"postie-post\">Desde bienales art\u00edsticas, hasta ferias, convocatorias abiertas y muestras en torno a los 40 a\u00f1os de democracia.<br \/>\nEl 30 de agosto se conmemora el D\u00eda de la Cultura del Chaco, en homenaje a la generaci\u00f3n del \u201837 constituida por artistas chaque\u00f1os que para esa fecha, pero de 1938, inauguraron el Ateneo Cultural del Chaco. En clave de celebraci\u00f3n, el Instituto de Cultura planific\u00f3 una amplia agenda de actividades dentro y fuera del territorio provincial que arranc\u00f3 en agosto y continuar\u00e1 durante el mes de septiembre.<br \/>\n\u201cEsta fragua ya estaba con la Pe\u00f1a de los Bagres. Esos hombres y mujeres que, desde las artes, desde la academia, desde la gesti\u00f3n cultural -que no ten\u00eda carreras en ese entonces-, se propusieron crear, a partir del desarrollo de las artes, una nueva fisonom\u00eda para el Chaco. Nosotros somos herederos de aquella generaci\u00f3n, de aquel Ateneo Cultural\u201d, ponder\u00f3 Francisco Tete Romero, presidente del Instituto de Cultura del Chaco.<br \/>\n\u201cCabe destacar que all\u00ed resonaban nombres ilustres de nuestra historia cultural como Efra\u00edn y Aldo Boglietti, Juan de Dios Mena, Yolanda Pereno de Elizondo, Crisanto Dom\u00ednguez, Gaspar Benavento; quienes luego fundar\u00edan el Fog\u00f3n de los Arrieros, el Coro Polif\u00f3nico, la Sociedad Argentina de Escritores (SADE), y, posteriormente, Fabrizciano G\u00f3mez continuar\u00eda con la creaci\u00f3n de la Fundaci\u00f3n Uruguay\u201d, agreg\u00f3 el funcionario.<br \/>\nChaco en Tecn\u00f3polis<br \/>\nEn Tecn\u00f3polis, en el d\u00eda de culminaci\u00f3n de la muestra \u201cArgentina Unida se Muestra, 40 a\u00f1os de Democracia\u201d por la que ya habr\u00e1n pasado 24 jurisdicciones (23 provincias y CABA), este domingo 27 de agosto Chaco tuvo una participaci\u00f3n especial con dos propuestas innovadoras y relevantes: por un lado la participaci\u00f3n musical del Capit\u00e1n Teuco en el Patio Federal, y por otro, en el espacio de muestra, trabajadores del ICCh presentaron una obra audiovisual que representa el homenaje de Chaco a 40 a\u00f1os de democracia.<br \/>\nEl 26 de agosto Francisco Romero estuvo en Tecn\u00f3polis junto a Edgardo Esteban, director del Museo Nacional Malvinas, y al rector de la Universidad Nacional de la Matanza, Daniel Mart\u00ednez, a quienes les comunic\u00f3 que se concluy\u00f3 la pel\u00edcula documental \u201cEl vuelo del colibr\u00ed\u201d, en homenaje a Juan Chico, que mixtura dos de sus libros: el de la Masacre de Napalp\u00ed, y el de la historia de los guerreros ind\u00edgenas en Malvinas.<br \/>\nFeria Iberoamericana del Libro<br \/>\nLa Feria Iberoamericana del Libro que se desarrollar\u00e1 desde el 31 de agosto hasta el 10 de septiembre, mantendr\u00e1 su marca registrada: El Chaco es la \u00fanica provincia que viene realizando la promoci\u00f3n del libro a mitad de precio, tanto en la \u00f3rbita de educaci\u00f3n como en la cultura.<br \/>\nLa agenda incluir\u00e1 g\u00e9neros literarios para todos los gustos donde tendr\u00e1 un rol protag\u00f3nico la producci\u00f3n local chaque\u00f1a con los Premios Chudnovsky y Veirav\u00e9 y con la producci\u00f3n de las editoriales chaque\u00f1as que esperan esta feria para poner a consideraci\u00f3n sus textos y tambi\u00e9n los mejores textos de la literatura regional, argentina y de Iberoam\u00e9rica.<br \/>\n\u201cEl otro condimento fundamental es la posibilidad de que la industria cultural del libro encuentra en la feria un hecho para su desarrollo y potenciaci\u00f3n\u201d, agrega el titular de la cartera cultural de la provincia.<br \/>\nFeria Nacional de Artesan\u00edas<br \/>\nTambi\u00e9n, en el marco de estas fechas celebratorias de la cultura del Chaco, transcurrir\u00e1 la Feria Nacional de Artesan\u00edas en Quitilipi, del 9 al 10 de septiembre. En esta oportunidad, 150 artesanos y artesanas de Quitilipi se congregar\u00e1n en el predio del Museo Ren\u00e9 James Sotelo para entablar di\u00e1logos, instancias de formaci\u00f3n, para la comercializaci\u00f3n de su arte y al mismo tiempo para aspirar a la instancia de premiaci\u00f3n del evento.<br \/>\nQuienes sean reconocidos con alguno de los 25 premios disponibles, luego participar\u00e1n de distintas ferias importantes a nivel nacional, que tienen alcance internacional como la feria de Col\u00f3n, Entre R\u00edos.<\/p>\n<p>El Coro Qom viaja a Europa<br \/>\nEl Coro Qom Chelaalapi, el d\u00eda martes 12 partir\u00e1 a Europa para lo que ser\u00e1 su segunda gira por Europa. Del 3 al 17 de septiembre presentar\u00e1n \u201cCampo de Cielo\u201d, su nuevo single y cuarto trabajo de estudio, esta vez en lugares que son salas muy especiales para la cultura y la m\u00fasica folk, tanto en Par\u00eds, como en Espa\u00f1a (en Barcelona y en Madrid).<br \/>\nPre Laborde 2023<br \/>\nAdem\u00e1s se est\u00e1 trabajando en coordinaci\u00f3n entre el Instituto de Cultura, la Universidad Nacional del Chaco Austral y Loter\u00eda Chaque\u00f1a para la instancia de pre-selectiva que clasificar\u00e1 a los representantes en los rubros de: Malambo, Danza, M\u00fasica, Canto, Recitador, Locuci\u00f3n y Paisana de la delegaci\u00f3n provincial que representar\u00e1 a Chaco en el 55\u00b0 Festival Nacional del Malambo \u2013 Laborde. Dicha instancia se realizar\u00e1 en la ciudad de S\u00e1enz Pe\u00f1a el 26 de noviembre.<\/p><\/div>\n","protected":false},"excerpt":{"rendered":"<p>Desde bienales art\u00edsticas, hasta ferias, convocatorias abiertas y muestras en torno a los 40 a\u00f1os de democracia. El 30 de agosto se conmemora el D\u00eda de la Cultura del Chaco, en homenaje a la generaci\u00f3n del \u201837 constituida por artistas chaque\u00f1os que para esa fecha, pero de 1938, inauguraron el Ateneo Cultural del Chaco. En [&hellip;]<\/p>\n","protected":false},"author":1,"featured_media":25833,"comment_status":"closed","ping_status":"closed","sticky":false,"template":"","format":"standard","meta":{"footnotes":""},"categories":[6],"tags":[],"class_list":{"0":"post-25832","1":"post","2":"type-post","3":"status-publish","4":"format-standard","5":"has-post-thumbnail","7":"category-chaco"},"_links":{"self":[{"href":"https:\/\/chacosintesis.com.ar\/index.php\/wp-json\/wp\/v2\/posts\/25832","targetHints":{"allow":["GET"]}}],"collection":[{"href":"https:\/\/chacosintesis.com.ar\/index.php\/wp-json\/wp\/v2\/posts"}],"about":[{"href":"https:\/\/chacosintesis.com.ar\/index.php\/wp-json\/wp\/v2\/types\/post"}],"author":[{"embeddable":true,"href":"https:\/\/chacosintesis.com.ar\/index.php\/wp-json\/wp\/v2\/users\/1"}],"replies":[{"embeddable":true,"href":"https:\/\/chacosintesis.com.ar\/index.php\/wp-json\/wp\/v2\/comments?post=25832"}],"version-history":[{"count":0,"href":"https:\/\/chacosintesis.com.ar\/index.php\/wp-json\/wp\/v2\/posts\/25832\/revisions"}],"wp:featuredmedia":[{"embeddable":true,"href":"https:\/\/chacosintesis.com.ar\/index.php\/wp-json\/wp\/v2\/media\/25833"}],"wp:attachment":[{"href":"https:\/\/chacosintesis.com.ar\/index.php\/wp-json\/wp\/v2\/media?parent=25832"}],"wp:term":[{"taxonomy":"category","embeddable":true,"href":"https:\/\/chacosintesis.com.ar\/index.php\/wp-json\/wp\/v2\/categories?post=25832"},{"taxonomy":"post_tag","embeddable":true,"href":"https:\/\/chacosintesis.com.ar\/index.php\/wp-json\/wp\/v2\/tags?post=25832"}],"curies":[{"name":"wp","href":"https:\/\/api.w.org\/{rel}","templated":true}]}}