{"id":25830,"date":"2023-08-28T15:27:51","date_gmt":"2023-08-28T18:27:51","guid":{"rendered":"https:\/\/chacosintesis.com.ar\/?p=25830"},"modified":"2023-08-28T15:36:50","modified_gmt":"2023-08-28T18:36:50","slug":"artistas-de-la-galeria-chorizo-representan-a-chaco-en-arteba-2023","status":"publish","type":"post","link":"https:\/\/chacosintesis.com.ar\/index.php\/artistas-de-la-galeria-chorizo-representan-a-chaco-en-arteba-2023\/","title":{"rendered":"Artistas de la galer\u00eda Chorizo representan a Chaco en ArteBa 2023"},"content":{"rendered":"<div class=\"postie-post\">Un grupo de 10 artistas nucleados en la propuesta Chorizo Arte Gallery participar\u00e1 de esta nueva edici\u00f3n ArteBa, la feria de arte contempor\u00e1neo m\u00e1s importante del pa\u00eds, que se realizar\u00e1 del 1 al 3 de septiembre en Costa Salguero, CABA.<br \/>\nLa comitiva chaque\u00f1a formar\u00e1 parte del stand #61 Utop\u00eda, gracias a la selecci\u00f3n de la beca MICA, con el apoyo del Instituto de Cultura del Chaco y su par de Turismo.<br \/>\nEl arte chaque\u00f1o estar\u00e1 representado por las obras de Mina Stegmayer, Firenze Leguiza, Nicol\u00e1s Ojeda, Aya Figueroa, Tri, Nicol\u00e1s Santiago, Ramiro Guillen, Fer M. Colman, Fla Trangoni y Reyfelon.<br \/>\nVale destacar que hace 15 a\u00f1os que una galer\u00eda chaque\u00f1a no participa de esta vidriera y que hoy se concrete \u201ces parte de la autogesti\u00f3n que construy\u00f3 Chorizo\u201d, explic\u00f3 Reyfelon, uno de los artistas responsables de este proyecto.<br \/>\nChorizo Art Gallery es una propuesta gestada por un grupo de artistas emergentes locales, que buscan espacios para proyectar su obra, dentro de la provincia y fuera de ella.<br \/>\nLas obras que presentar\u00e1n este grupo de artistas chaque\u00f1os est\u00e1n atravesadas por \u201cla idea del abandono, del espacio del bald\u00edo como un nuevo escenario, de la presencia de lo reciclado\u201d, coment\u00f3 Nicol\u00e1s Ojeda. En este sentido, Ojeda llev\u00f3 las obras Filodendro y Potus, perteneciente a la serie &#8220;Ejercicio para recordar el futuro&#8221;, una pieza que form\u00f3 parte de la muestra Arte y Tecnolog\u00eda del MUBA, en el marco del evento Chaco Futura.<\/div>\n","protected":false},"excerpt":{"rendered":"<p>Un grupo de 10 artistas nucleados en la propuesta Chorizo Arte Gallery participar\u00e1 de esta nueva edici\u00f3n ArteBa, la feria de arte contempor\u00e1neo m\u00e1s importante del pa\u00eds, que se realizar\u00e1 del 1 al 3 de septiembre en Costa Salguero, CABA. La comitiva chaque\u00f1a formar\u00e1 parte del stand #61 Utop\u00eda, gracias a la selecci\u00f3n de la [&hellip;]<\/p>\n","protected":false},"author":1,"featured_media":25831,"comment_status":"closed","ping_status":"closed","sticky":false,"template":"","format":"standard","meta":{"footnotes":""},"categories":[6],"tags":[],"class_list":{"0":"post-25830","1":"post","2":"type-post","3":"status-publish","4":"format-standard","5":"has-post-thumbnail","7":"category-chaco"},"_links":{"self":[{"href":"https:\/\/chacosintesis.com.ar\/index.php\/wp-json\/wp\/v2\/posts\/25830","targetHints":{"allow":["GET"]}}],"collection":[{"href":"https:\/\/chacosintesis.com.ar\/index.php\/wp-json\/wp\/v2\/posts"}],"about":[{"href":"https:\/\/chacosintesis.com.ar\/index.php\/wp-json\/wp\/v2\/types\/post"}],"author":[{"embeddable":true,"href":"https:\/\/chacosintesis.com.ar\/index.php\/wp-json\/wp\/v2\/users\/1"}],"replies":[{"embeddable":true,"href":"https:\/\/chacosintesis.com.ar\/index.php\/wp-json\/wp\/v2\/comments?post=25830"}],"version-history":[{"count":0,"href":"https:\/\/chacosintesis.com.ar\/index.php\/wp-json\/wp\/v2\/posts\/25830\/revisions"}],"wp:featuredmedia":[{"embeddable":true,"href":"https:\/\/chacosintesis.com.ar\/index.php\/wp-json\/wp\/v2\/media\/25831"}],"wp:attachment":[{"href":"https:\/\/chacosintesis.com.ar\/index.php\/wp-json\/wp\/v2\/media?parent=25830"}],"wp:term":[{"taxonomy":"category","embeddable":true,"href":"https:\/\/chacosintesis.com.ar\/index.php\/wp-json\/wp\/v2\/categories?post=25830"},{"taxonomy":"post_tag","embeddable":true,"href":"https:\/\/chacosintesis.com.ar\/index.php\/wp-json\/wp\/v2\/tags?post=25830"}],"curies":[{"name":"wp","href":"https:\/\/api.w.org\/{rel}","templated":true}]}}