{"id":25826,"date":"2023-08-28T15:23:11","date_gmt":"2023-08-28T18:23:11","guid":{"rendered":"https:\/\/chacosintesis.com.ar\/?p=25826"},"modified":"2023-08-28T15:36:41","modified_gmt":"2023-08-28T18:36:41","slug":"el-ministro-de-gobierno-aseguro-que-el-nuevo-transformador-de-charata-garantizara-energia-para-la-produccion-y-la-industria","status":"publish","type":"post","link":"https:\/\/chacosintesis.com.ar\/index.php\/el-ministro-de-gobierno-aseguro-que-el-nuevo-transformador-de-charata-garantizara-energia-para-la-produccion-y-la-industria\/","title":{"rendered":"El ministro de Gobierno asegur\u00f3 que el nuevo transformador de Charata &#8220;garantizar\u00e1 energ\u00eda para la producci\u00f3n y la industria\u201d"},"content":{"rendered":"<div class=\"postie-post\">El vocero destac\u00f3 la instalaci\u00f3n del equipamiento que beneficiar\u00e1 a unas 50 mil familias del sudoeste y que potenciar\u00e1 el abastecimiento a los polos industrial y productivo; tambi\u00e9n inform\u00f3 acerca de la agenda del gobernador para el martes 29.<br \/>\nEl vocero oficial Juan Manuel Chapo ofreci\u00f3 este lunes su habitual conferencia de prensa en la que brind\u00f3 detalles sobre temas de actualidad al tiempo que tambi\u00e9n inform\u00f3 acerca de la agenda del gobernador para ma\u00f1ana martes. Entre otras cuestiones, el portavoz profundiz\u00f3 acerca de la instalaci\u00f3n, por parte de Secheep, de un nuevo transformador de potencia para Charata, equipamiento que ampliar\u00e1 la cobertura energ\u00e9tica para esa ciudad y todo el sudoeste. \u201cHaber incorporado esta infraestructura permitir\u00e1 contar con energ\u00eda suficiente y de calidad para abastecer tanto a los usuarios residenciales como a todo el sistema productivo e industrial de la zona\u201d, precis\u00f3 Chapo. El equipo de potencia en alta tensi\u00f3n de 60 MVA arrib\u00f3 este s\u00e1bado a la estaci\u00f3n transformadora de Charata como parte del plan de inversi\u00f3n del gobierno provincial en materia de generaci\u00f3n el\u00e9ctrica. La infraestructura, que demand\u00f3 un desembolso cercano a los $1.000 millones, beneficiar\u00e1 de manera directa a unas 50 mil familias del sudoeste, pero tambi\u00e9n a los polos productivo e industrial. \u201cEste equipo de 60 MVA reemplaza a uno anterior de 30 MVA, es decir que duplica la calidad y calidad de la energ\u00eda disponible para Charata y el sudoeste, una zona que como sabemos es potencia en cuanto a producci\u00f3n e industria\u201d, remarc\u00f3 el vocero. \u201cLa instalaci\u00f3n de este transformador forma parte del plan de inversi\u00f3n integral para la zona que es impulsado por la gesti\u00f3n del gobernador Capitanich y que suma ya $3.000 millones\u201d, indic\u00f3. Al respecto, el portavoz dijo que meses atr\u00e1s el gobierno puso en marcha una nueva estaci\u00f3n transformadora en Las Bre\u00f1as lo que suma abastecimiento especialmente de cara a la temporada estival que es cuando se concentra el pico de demanda.<\/p>\n<p>Agenda oficial<\/p>\n<p>Por otra parte, Chapo dio a conocer la agenda de actividades que desplegar\u00e1 el gobernador Capitanich ma\u00f1ana martes y que incluye acciones en el interior y en Resistencia. El mandatario iniciar\u00e1 la jornada en Taco Pozo, en el extremo oeste del territorio provincial, donde encabezar\u00e1 la inauguraci\u00f3n de la terminal de \u00f3mnibus de la localidad, obra largamente anhelada por las y los vecinos y que demand\u00f3 una inversi\u00f3n de $221 millones. Tambi\u00e9n en Taco Pozo, y acompa\u00f1ado por autoridades locales y provinciales, habilitar\u00e1 pavimento urbano y una escuela de educaci\u00f3n especial; y participar\u00e1 de la misa de Santa Rosa. M\u00e1s tarde, y ya en Resistencia, el gobernador realizar\u00e1 una importante bater\u00eda de anuncios para empresas del sector gastron\u00f3mico y, en la Universidad Nacional del Nordeste (Unne), entregar\u00e1 t\u00edtulos a residentes vinculados al Ministerio de Salud P\u00fablica. Por \u00faltimo, en el Club Cune, inaugurar\u00e1 un play\u00f3n deportivo.<\/p><\/div>\n","protected":false},"excerpt":{"rendered":"<p>El vocero destac\u00f3 la instalaci\u00f3n del equipamiento que beneficiar\u00e1 a unas 50 mil familias del sudoeste y que potenciar\u00e1 el abastecimiento a los polos industrial y productivo; tambi\u00e9n inform\u00f3 acerca de la agenda del gobernador para el martes 29. El vocero oficial Juan Manuel Chapo ofreci\u00f3 este lunes su habitual conferencia de prensa en la [&hellip;]<\/p>\n","protected":false},"author":1,"featured_media":25827,"comment_status":"closed","ping_status":"closed","sticky":false,"template":"","format":"standard","meta":{"footnotes":""},"categories":[6],"tags":[],"class_list":{"0":"post-25826","1":"post","2":"type-post","3":"status-publish","4":"format-standard","5":"has-post-thumbnail","7":"category-chaco"},"_links":{"self":[{"href":"https:\/\/chacosintesis.com.ar\/index.php\/wp-json\/wp\/v2\/posts\/25826","targetHints":{"allow":["GET"]}}],"collection":[{"href":"https:\/\/chacosintesis.com.ar\/index.php\/wp-json\/wp\/v2\/posts"}],"about":[{"href":"https:\/\/chacosintesis.com.ar\/index.php\/wp-json\/wp\/v2\/types\/post"}],"author":[{"embeddable":true,"href":"https:\/\/chacosintesis.com.ar\/index.php\/wp-json\/wp\/v2\/users\/1"}],"replies":[{"embeddable":true,"href":"https:\/\/chacosintesis.com.ar\/index.php\/wp-json\/wp\/v2\/comments?post=25826"}],"version-history":[{"count":0,"href":"https:\/\/chacosintesis.com.ar\/index.php\/wp-json\/wp\/v2\/posts\/25826\/revisions"}],"wp:featuredmedia":[{"embeddable":true,"href":"https:\/\/chacosintesis.com.ar\/index.php\/wp-json\/wp\/v2\/media\/25827"}],"wp:attachment":[{"href":"https:\/\/chacosintesis.com.ar\/index.php\/wp-json\/wp\/v2\/media?parent=25826"}],"wp:term":[{"taxonomy":"category","embeddable":true,"href":"https:\/\/chacosintesis.com.ar\/index.php\/wp-json\/wp\/v2\/categories?post=25826"},{"taxonomy":"post_tag","embeddable":true,"href":"https:\/\/chacosintesis.com.ar\/index.php\/wp-json\/wp\/v2\/tags?post=25826"}],"curies":[{"name":"wp","href":"https:\/\/api.w.org\/{rel}","templated":true}]}}