{"id":25824,"date":"2023-08-28T15:21:04","date_gmt":"2023-08-28T18:21:04","guid":{"rendered":"https:\/\/chacosintesis.com.ar\/?p=25824"},"modified":"2023-08-28T15:36:37","modified_gmt":"2023-08-28T18:36:37","slug":"leer-en-democracia-el-chaco-es-la-unica-provincia-que-ofrece-libros-al-50","status":"publish","type":"post","link":"https:\/\/chacosintesis.com.ar\/index.php\/leer-en-democracia-el-chaco-es-la-unica-provincia-que-ofrece-libros-al-50\/","title":{"rendered":"Leer en democracia: el Chaco es la \u00fanica provincia que ofrece libros al 50%"},"content":{"rendered":"<div class=\"postie-post\">Con el objetivo puesto en la promoci\u00f3n del libro y la lectura en todo el territorio, el Gobierno de la Provincia del Chaco, viene impulsando pol\u00edticas para que tanto las librer\u00edas como las editoriales puedan ofrecer libros a precios m\u00e1s que accesibles.<br \/>\nDel 31 de agosto al domingo 10 de septiembre, bajo el lema \u201cLeer en democracia\u201d, se realizar\u00e1 la Feria Iberoamericana del Libro del Chaco (FILC). Los libros contar\u00e1n con descuentos del 50% en todos los ejemplares disponibles. Desde la organizaci\u00f3n destacaron el apoyo a los lectores y a toda la cadena de la industria de libro, \u201cel Chaco es la \u00fanica provincia del pa\u00eds que ofrece libros a mitad de precio durante su feria\u201d.<br \/>\nCon el objetivo puesto en la promoci\u00f3n del libro y la lectura en todo el territorio, el Gobierno de la Provincia del Chaco, en un claro apoyo al fortalecimiento de las industrias culturales locales, viene impulsando pol\u00edticas para que tanto las librer\u00edas como las editoriales puedan ofrecer libros a precios m\u00e1s que accesibles.<br \/>\nEn esta edici\u00f3n 2023 participar\u00e1n Editorial y Librer\u00eda Contexto, Librer\u00eda y Papeler\u00eda Casa Garc\u00eda, Ediciones Paulinas, Librer\u00eda Las Ca\u00f1itas, Librer\u00eda El \u00c1rbol Amarillo, Editorial Eudene \u2013 Universidad Nacional del Nordeste, Editorial Literatura Tropical, Editorial Uncaus, Librer\u00eda y Editorial De La Paz y Milka Libros.<br \/>\n\u201cEsta es una feria destinada a la familia. Los libros que est\u00e1n disponibles al 50 % son para todas las edades. Muchos pueden aprovechar para adquirir textos escolares pero tambi\u00e9n pueden buscar contenidos de diferentes g\u00e9neros literarios que estar\u00e1n disponibles en las diez librer\u00edas\u201d, destacaron desde la organizaci\u00f3n. Los organizadores tambi\u00e9n ponderaron la relaci\u00f3n de escritores locales con autores internacionales.<br \/>\n\u201cLa Feria buscar destacar el trabajo de las librer\u00edas locales pero tambi\u00e9n el trabajo silencioso que vienen haciendo muchos autores y autoras de la provincia. A\u00f1o tras a\u00f1o se van sumando autores locales y regionales, que van a compartir espacios con autores de Chile, Per\u00fa, Brasil y Uruguay\u201d. En la edici\u00f3n 2022 m\u00e1s de cien mil personas visitaron la Feria Iberoamericana del libro.<br \/>\nContinuando con esta l\u00ednea de trabajo, la agenda y las actividades est\u00e1n puestas en favor de los lectores y las librer\u00edas locales. La Feria, que celebra m\u00e1s de quince a\u00f1os de trayectoria, es organizada por la Fundaci\u00f3n del Libro y la Cultura y el Gobierno de la Provincia del Chaco a trav\u00e9s del Instituto de Cultura y de los ministerios de Educaci\u00f3n y de Planificaci\u00f3n, Econom\u00eda e Infraestructura.<\/div>\n","protected":false},"excerpt":{"rendered":"<p>Con el objetivo puesto en la promoci\u00f3n del libro y la lectura en todo el territorio, el Gobierno de la Provincia del Chaco, viene impulsando pol\u00edticas para que tanto las librer\u00edas como las editoriales puedan ofrecer libros a precios m\u00e1s que accesibles. Del 31 de agosto al domingo 10 de septiembre, bajo el lema \u201cLeer [&hellip;]<\/p>\n","protected":false},"author":1,"featured_media":25825,"comment_status":"closed","ping_status":"closed","sticky":false,"template":"","format":"standard","meta":{"footnotes":""},"categories":[6],"tags":[],"class_list":{"0":"post-25824","1":"post","2":"type-post","3":"status-publish","4":"format-standard","5":"has-post-thumbnail","7":"category-chaco"},"_links":{"self":[{"href":"https:\/\/chacosintesis.com.ar\/index.php\/wp-json\/wp\/v2\/posts\/25824","targetHints":{"allow":["GET"]}}],"collection":[{"href":"https:\/\/chacosintesis.com.ar\/index.php\/wp-json\/wp\/v2\/posts"}],"about":[{"href":"https:\/\/chacosintesis.com.ar\/index.php\/wp-json\/wp\/v2\/types\/post"}],"author":[{"embeddable":true,"href":"https:\/\/chacosintesis.com.ar\/index.php\/wp-json\/wp\/v2\/users\/1"}],"replies":[{"embeddable":true,"href":"https:\/\/chacosintesis.com.ar\/index.php\/wp-json\/wp\/v2\/comments?post=25824"}],"version-history":[{"count":0,"href":"https:\/\/chacosintesis.com.ar\/index.php\/wp-json\/wp\/v2\/posts\/25824\/revisions"}],"wp:featuredmedia":[{"embeddable":true,"href":"https:\/\/chacosintesis.com.ar\/index.php\/wp-json\/wp\/v2\/media\/25825"}],"wp:attachment":[{"href":"https:\/\/chacosintesis.com.ar\/index.php\/wp-json\/wp\/v2\/media?parent=25824"}],"wp:term":[{"taxonomy":"category","embeddable":true,"href":"https:\/\/chacosintesis.com.ar\/index.php\/wp-json\/wp\/v2\/categories?post=25824"},{"taxonomy":"post_tag","embeddable":true,"href":"https:\/\/chacosintesis.com.ar\/index.php\/wp-json\/wp\/v2\/tags?post=25824"}],"curies":[{"name":"wp","href":"https:\/\/api.w.org\/{rel}","templated":true}]}}