{"id":25820,"date":"2023-08-28T10:53:07","date_gmt":"2023-08-28T13:53:07","guid":{"rendered":"https:\/\/chacosintesis.com.ar\/?p=25820"},"modified":"2023-08-28T11:07:35","modified_gmt":"2023-08-28T14:07:35","slug":"zdero-en-villa-angela-vamos-a-jerarquizar-la-tarea-de-los-docentes","status":"publish","type":"post","link":"https:\/\/chacosintesis.com.ar\/index.php\/zdero-en-villa-angela-vamos-a-jerarquizar-la-tarea-de-los-docentes\/","title":{"rendered":"Zdero en Villa \u00c1ngela: &#8220;Vamos a jerarquizar la tarea de los docentes&#8221;"},"content":{"rendered":"<div class=\"postie-post\">Leandro Zdero, candidato a Gobernador de Juntos por el Cambio, junto a Joaqu\u00edn Garc\u00eda, su candidato a Intendente y Sof\u00eda Naidenoff estuvieron reunidos con docentes en la ciudad de Villa \u00c1ngela. \u201cEn estos 16 a\u00f1os, han resquebrajado el sistema educativo y es necesario recomponerlo. Vengo trabajando hace mucho tiempo con los docentes, es necesario tener un intercambio siempre, no lo hice solamente antes de ser candidato, sino ahora que soy candidato y lo har\u00e9 tambi\u00e9n cuando sea gobernador\u201d- indic\u00f3 Zdero.<br \/>\nEn las mesas de trabajo se abordaron temas vinculados a salarios, situaci\u00f3n docente, capacitaciones, recursos, insumos, infraestructura y movilidad. La reuni\u00f3n se desarroll\u00f3 en un sal\u00f3n ubicado sobre la Ruta Nac. 95, el pasado viernes, donde Zdero remarc\u00f3 adem\u00e1s que: \u201cla educaci\u00f3n ser\u00e1 protagonista del Chaco que se viene; para eso nos ayuda en la planificaci\u00f3n la experiencia, el trabajo y la capacidad de Sof\u00eda Naidenoff y un gran equipo\u201d.<br \/>\nDOCENTES BIEN PAGADOS, FORMADOS Y ESCUELAS EN CONDICIONES<br \/>\n\u201cNuestro compromiso es jerarquizar la tarea de los docentes y garantizar la educaci\u00f3n para todos; ellos deben ser reconocidos en sus salarios y contar con escuelas en condiciones en toda la provincia. Vamos a tener pol\u00edticas claras, para todas las regiones educativas, con docentes bien formados, con sueldos dignos y entendemos que se trata de una tarea conjunta porque no tiene sentido la educaci\u00f3n si los chicos no aprenden o no se tiene una educaci\u00f3n de calidad. Ellos necesitan los concursos, los insumos, los materiales para las escuelas y la conectividad para las instituciones. Tenemos un Plan para el sistema educativo y vamos a ordenar el sistema en favor de los chaque\u00f1os\u201d.<br \/>\nAcompa\u00f1aron a Leandro Zdero, en esta reuni\u00f3n con docentes su candidata a vicegobernadora, Silvana Schneider, el senador V\u00edctor Zimmermann, la diputada nacional Maril\u00fa Quiroz, las legisladoras provinciales Dorys Arkwright, Silvina Reiser y Zulma Kaenel; como as\u00ed tambi\u00e9n candidatos a diputados provinciales e intendentes de Juntos por el Cambio.<\/div>\n","protected":false},"excerpt":{"rendered":"<p>Leandro Zdero, candidato a Gobernador de Juntos por el Cambio, junto a Joaqu\u00edn Garc\u00eda, su candidato a Intendente y Sof\u00eda Naidenoff estuvieron reunidos con docentes en la ciudad de Villa \u00c1ngela. \u201cEn estos 16 a\u00f1os, han resquebrajado el sistema educativo y es necesario recomponerlo. Vengo trabajando hace mucho tiempo con los docentes, es necesario tener [&hellip;]<\/p>\n","protected":false},"author":1,"featured_media":25821,"comment_status":"closed","ping_status":"closed","sticky":false,"template":"","format":"standard","meta":{"footnotes":""},"categories":[6],"tags":[],"class_list":{"0":"post-25820","1":"post","2":"type-post","3":"status-publish","4":"format-standard","5":"has-post-thumbnail","7":"category-chaco"},"_links":{"self":[{"href":"https:\/\/chacosintesis.com.ar\/index.php\/wp-json\/wp\/v2\/posts\/25820","targetHints":{"allow":["GET"]}}],"collection":[{"href":"https:\/\/chacosintesis.com.ar\/index.php\/wp-json\/wp\/v2\/posts"}],"about":[{"href":"https:\/\/chacosintesis.com.ar\/index.php\/wp-json\/wp\/v2\/types\/post"}],"author":[{"embeddable":true,"href":"https:\/\/chacosintesis.com.ar\/index.php\/wp-json\/wp\/v2\/users\/1"}],"replies":[{"embeddable":true,"href":"https:\/\/chacosintesis.com.ar\/index.php\/wp-json\/wp\/v2\/comments?post=25820"}],"version-history":[{"count":0,"href":"https:\/\/chacosintesis.com.ar\/index.php\/wp-json\/wp\/v2\/posts\/25820\/revisions"}],"wp:featuredmedia":[{"embeddable":true,"href":"https:\/\/chacosintesis.com.ar\/index.php\/wp-json\/wp\/v2\/media\/25821"}],"wp:attachment":[{"href":"https:\/\/chacosintesis.com.ar\/index.php\/wp-json\/wp\/v2\/media?parent=25820"}],"wp:term":[{"taxonomy":"category","embeddable":true,"href":"https:\/\/chacosintesis.com.ar\/index.php\/wp-json\/wp\/v2\/categories?post=25820"},{"taxonomy":"post_tag","embeddable":true,"href":"https:\/\/chacosintesis.com.ar\/index.php\/wp-json\/wp\/v2\/tags?post=25820"}],"curies":[{"name":"wp","href":"https:\/\/api.w.org\/{rel}","templated":true}]}}