{"id":25814,"date":"2023-08-28T10:13:53","date_gmt":"2023-08-28T13:13:53","guid":{"rendered":"https:\/\/chacosintesis.com.ar\/?p=25814"},"modified":"2023-08-28T10:24:25","modified_gmt":"2023-08-28T13:24:25","slug":"perez-pons-en-el-debate-se-ponen-en-juego-dos-modelos-el-del-trabajo-y-la-capacidad-para-gobernar-y-el-de-la-inexperiencia-y-el-oportunismo","status":"publish","type":"post","link":"https:\/\/chacosintesis.com.ar\/index.php\/perez-pons-en-el-debate-se-ponen-en-juego-dos-modelos-el-del-trabajo-y-la-capacidad-para-gobernar-y-el-de-la-inexperiencia-y-el-oportunismo\/","title":{"rendered":"Perez Pons en el debate: \u201cSe ponen en juego dos modelos, el del trabajo y la capacidad para gobernar, y el de la inexperiencia y el oportunismo\u201d"},"content":{"rendered":"<div class=\"postie-post\">En la noche del domingo, se realiz\u00f3 el debate preelectoral en Charata, del que participaron los candidatos Perez Pons, Romero Parra y Gyoker. Perez Pons tuvo una actuaci\u00f3n destacada, en la que se refiri\u00f3 a las m\u00e1s de 1.200 obras en los 70 municipios y las propuestas para los pr\u00f3ximos a\u00f1os.<br \/>\n El actual ministro de Planificaci\u00f3n, Econom\u00eda e Infraestructura y candidato a diputado por el Frente Chaque\u00f1o, Santiago Perez Pons, fue contundente en la primera noche del debate preelectoral ante sus pares del Frente Integrador, Juntos por el Cambio y de la Corriente de Expresi\u00f3n Renovada (CER).<br \/>\nEl funcionario tuvo una actuaci\u00f3n destacada, descolocando las exposiciones de los dem\u00e1s candidatos. \u201cEste 17 de septiembre se ponen en juego dos modelos de provincia, el del trabajo y la capacidad para gobernar y el de la inexperiencia y la oportunismo\u201d, acentu\u00f3.<br \/>\nAl inicio del debate, Perez Pons comenz\u00f3 expresando: \u201cvengo en representaci\u00f3n de un proyecto pol\u00edtico que trabaja todos los d\u00edas para la construcci\u00f3n de una provincia con igualdad de oportunidades\u201d y enumer\u00f3 diversos logros en la gesti\u00f3n: \u201cRecorrimos los 70 municipios de esta provincia, escuchamos los problemas de la gente, los resolvimos y adem\u00e1s seguimos garantizando derechos, sobre todo para aquellas personas que estuvieron relegadas durante mucho tiempo\u201d.<br \/>\n\u201cEn esta provincia ten\u00edamos 70.000 contribuyentes de ingresos brutos en el a\u00f1o 2007, cuando asumimos la gesti\u00f3n. Hoy tenemos 180.000, lo triplicamos gracias a la pol\u00edtica econ\u00f3mica\u201d, asegur\u00f3 Perez Pons, al abrirse el eje de Desarrollo Econ\u00f3mico.<br \/>\nLuego, continu\u00f3  exponiendo los fomentos al desarrollo industrial: \u201cTenemos 25 parques industriales financiados por el Estado provincial. En Puerto Tirol se encuentra la empresa Santana Textiles, una empresa brasile\u00f1a que tiene 800 trabajadores y que no eligi\u00f3 el Chaco por casualidad. Eligi\u00f3 el Chaco porque generamos infraestructura, porque tenemos un r\u00e9gimen de promoci\u00f3n industrial y porque el Estado particip\u00f3 en gran parte de esa inversi\u00f3n estrat\u00e9gica\u201d, se\u00f1al\u00f3<br \/>\nSeguidamente, tambi\u00e9n remarc\u00f3 el impacto de la inversi\u00f3n p\u00fablica en la generaci\u00f3n de empleo genuino en el sector de la construcci\u00f3n. \u201cProducto del gobierno de Juntos por el Cambio, en el a\u00f1o 2019 hab\u00eda solamente 3.800 trabajadores. Hoy estoy orgulloso porque gracias a las 1.200 obras que estamos llevando adelante hay m\u00e1s de 15.000 trabajadores, 15.000 obreros de casco amarillo que hoy tienen una obra social, que pueden pagar los aportes para su jubilaci\u00f3n, que tienen un salario y un trabajo digno\u201d.<br \/>\nAl cerrar su exposici\u00f3n en este eje, plante\u00f3 \u201c\u00bfuna provincia con construcci\u00f3n e industria o una provincia con pymes cerradas y comercios bajando sus persianas? Esa es la discusi\u00f3n que vengo a dar hoy\u201d.<br \/>\nAsimismo contest\u00f3 sobre las cr\u00edticas del candidato de Juntos por el Cambio, Iv\u00e1n Gyoker. \u201cEl candidato que se postula gobernador por Juntos por el Cambio no estuvo presente debatiendo la ley de Presupuesto. Si ten\u00edan ganas de bajar impuestos, si ten\u00edan ganas de sumar alguna propuesta para desarrollar el Chaco o generar trabajo era el momento. Por eso decimos que lo que ellos representan es oportunismo aparecer cada dos a\u00f1os cuando hay elecciones, pero ac\u00e1 se gobiernan los cuatro a\u00f1os de cara a la gente\u201d.<br \/>\nEn cuanto al eje de Desarrollo Humano, coment\u00f3 \u201cCreamos becas para todos los estudiantes universitarios, para que cuando terminen el secundario puedan ir a realizar una carrera estrat\u00e9gica. Tambi\u00e9n para quienes decidan realizar un posgrado en la provincia, en la Argentina o tambi\u00e9n en el exterior. Ahora bien, \u00bfvamos a creer en un modelo econ\u00f3mico y un modelo pol\u00edtico que cuando tuvo la oportunidad llev\u00f3 adelante el recorte de 22.000 becas Progresar a estudiantes universitarios?, \u00bfVamos a poder creer en este modelo econ\u00f3mico y pol\u00edtico de Juntos por el Cambio que elimin\u00f3 Conectar Igualdad?\u201d.<br \/>\nEl candidato tambi\u00e9n puntualiz\u00f3: \u201cPara nosotros la igualdad de g\u00e9nero no es un eslogan, ni tampoco la utilizamos para tener Me Gusta en las redes sociales. Nosotros trabajamos con mucho compromiso\u201d.<br \/>\nRespecto a la atenci\u00f3n a la problem\u00e1tica de las violencias de g\u00e9nero, Perez Pons detall\u00f3 \u201cMientras estamos ac\u00e1, nuestro equipo est\u00e1 atendiendo a 132 mujeres. A nosotros nos duelen todos los femicidios. El de Cecilia, por supuesto, y el de todas las mujeres que el Estado no pudo llegar a ayudar. Pero nosotros trabajamos en serio para estar presentes como Estado ayudando a cada familia y a cada v\u00edctima\u201d.<br \/>\nYa en el tercer eje del debate, Perez Pons expuso las medidas generadas para las y los polic\u00edas de la provincia: \u201cPara mejorar su formaci\u00f3n, creamos el Instituto Superior de Seguridad P\u00fablica, aumentamos todas las bonificaciones de zona, riesgo de vida, el refrigerio y t\u00edtulo. Hicimos que todos los a\u00f1os el salario le gane a la inflaci\u00f3n. Llevamos adelante la compra de 700 veh\u00edculos en dos a\u00f1os. Pasamos de 150 a 1712 veh\u00edculos para la polic\u00eda\u201d.<br \/>\nAsimismo, cuestion\u00f3 la exposici\u00f3n de sus pares Iv\u00e1n Gyoker,  Parra Moreno y Romero, manifestando: \u201cQuienes hoy nos hablan de tener mayor seguridad cuando eran gobierno no pod\u00edan garantizar algo tan simple y tan b\u00e1sico como que cada polic\u00eda tenga su uniforme. \u00bfSaben cu\u00e1ntas comisar\u00edas hizo el radicalismo durante 12 a\u00f1os? Solamente una. \u00bfSaben cu\u00e1ntas refaccionaron? Ninguna. Somos un gobierno que trabaj\u00f3 incansablemente por la seguridad. Hemos construido 10 comisar\u00edas nuevas y refaccionamos otras 26 y tuvimos m\u00e1s de 4.000 ascensos gracias a la decisi\u00f3n del gobernador\u201d.<br \/>\nPerez Pons tambi\u00e9n respondi\u00f3 ampliamente las consultas llevadas adelante por chaque\u00f1os y chaque\u00f1as a trav\u00e9s de las redes sociales y canales habilitados. Las mismas se centraron en relaci\u00f3n a las protestas sociales, educaci\u00f3n y a las demandas de las personas adultas mayores. Sobre este \u00faltimo aspecto, destac\u00f3: \u201cEl gobernador de esta provincia hizo que el 82% m\u00f3vil est\u00e9 garantizado. Generamos 100 obras en clubes deportivos adaptados para adultos mayores. Creamos un programa de cuidadores domiciliarios y creamos la jubilaci\u00f3n m\u00ednima para que ning\u00fan jubilado cobre por debajo del salario m\u00ednimo vital inm\u00f3vil\u201d.<br \/>\nA lo largo de este primer debate preelectoral, las declaraciones de Perez Pons fueron decididas y fundamentadas adecuadamente, dejando en claro los avances logrados y la falta de conocimiento y sustento en las alocuciones de sus contrincantes,  coloc\u00e1ndolo como el mejor orador de la noche. Al cierre, concluy\u00f3 diciendo: \u201cVenimos hablar del hacer, en mi van a tener un compromiso de trabajo y sobre todo con los m\u00e1s vulnerables. Por eso este 17 de septiembre los invito a que nos puedan elegir entre un modelo que hace del trabajo y la capacidad de gobernar un ejemplo y del otro lado vamos a tener como siempre inexperiencia y sobre todo mucho oportunismo\u201d.<\/div>\n","protected":false},"excerpt":{"rendered":"<p>En la noche del domingo, se realiz\u00f3 el debate preelectoral en Charata, del que participaron los candidatos Perez Pons, Romero Parra y Gyoker. Perez Pons tuvo una actuaci\u00f3n destacada, en la que se refiri\u00f3 a las m\u00e1s de 1.200 obras en los 70 municipios y las propuestas para los pr\u00f3ximos a\u00f1os. El actual ministro de [&hellip;]<\/p>\n","protected":false},"author":1,"featured_media":25815,"comment_status":"closed","ping_status":"closed","sticky":false,"template":"","format":"standard","meta":{"footnotes":""},"categories":[6],"tags":[],"class_list":{"0":"post-25814","1":"post","2":"type-post","3":"status-publish","4":"format-standard","5":"has-post-thumbnail","7":"category-chaco"},"_links":{"self":[{"href":"https:\/\/chacosintesis.com.ar\/index.php\/wp-json\/wp\/v2\/posts\/25814","targetHints":{"allow":["GET"]}}],"collection":[{"href":"https:\/\/chacosintesis.com.ar\/index.php\/wp-json\/wp\/v2\/posts"}],"about":[{"href":"https:\/\/chacosintesis.com.ar\/index.php\/wp-json\/wp\/v2\/types\/post"}],"author":[{"embeddable":true,"href":"https:\/\/chacosintesis.com.ar\/index.php\/wp-json\/wp\/v2\/users\/1"}],"replies":[{"embeddable":true,"href":"https:\/\/chacosintesis.com.ar\/index.php\/wp-json\/wp\/v2\/comments?post=25814"}],"version-history":[{"count":0,"href":"https:\/\/chacosintesis.com.ar\/index.php\/wp-json\/wp\/v2\/posts\/25814\/revisions"}],"wp:featuredmedia":[{"embeddable":true,"href":"https:\/\/chacosintesis.com.ar\/index.php\/wp-json\/wp\/v2\/media\/25815"}],"wp:attachment":[{"href":"https:\/\/chacosintesis.com.ar\/index.php\/wp-json\/wp\/v2\/media?parent=25814"}],"wp:term":[{"taxonomy":"category","embeddable":true,"href":"https:\/\/chacosintesis.com.ar\/index.php\/wp-json\/wp\/v2\/categories?post=25814"},{"taxonomy":"post_tag","embeddable":true,"href":"https:\/\/chacosintesis.com.ar\/index.php\/wp-json\/wp\/v2\/tags?post=25814"}],"curies":[{"name":"wp","href":"https:\/\/api.w.org\/{rel}","templated":true}]}}