{"id":25805,"date":"2023-08-27T21:35:44","date_gmt":"2023-08-28T00:35:44","guid":{"rendered":"https:\/\/chacosintesis.com.ar\/?p=25805"},"modified":"2023-08-27T21:37:15","modified_gmt":"2023-08-28T00:37:15","slug":"capitanich-no-nos-vamos-a-dejar-extorsionar-por-el-poder-economico-vamos-a-construir-la-fuerza-popular-necesaria-para-gobernar","status":"publish","type":"post","link":"https:\/\/chacosintesis.com.ar\/index.php\/capitanich-no-nos-vamos-a-dejar-extorsionar-por-el-poder-economico-vamos-a-construir-la-fuerza-popular-necesaria-para-gobernar\/","title":{"rendered":"Capitanich: \u201cNo nos vamos a dejar extorsionar por el poder econ\u00f3mico, vamos a construir la fuerza popular necesaria para gobernar\u201d"},"content":{"rendered":"<div class=\"postie-post\">Advirti\u00f3 que en estas elecciones \u201cse disputan dos modelos de pa\u00eds\u201d: Y explic\u00f3: \u201co defendemos el modelo peronista de derechos, acciones y obras, o nos vamos a quedar entrampados en un liberalismo que va a cercenar derechos, romper las estructuras sociales y agudizar los conflictos\u201d.<\/p>\n<p>El gobernador Jorge Capitanich mantuvo dos encuentros con militantes este s\u00e1bado en las localidades de S\u00e1enz Pe\u00f1a y Resistencia, oportunidad en que reforz\u00f3 el llamado a recorrer casa por casa para construir una victoria del Frente Chaque\u00f1o en las elecciones del 17 de septiembre.<br \/>\n\u201cA nosotros no nos van a amedrentar ni los grupos corporativos, econ\u00f3micos ni financieros. No nos vamos a dejar extorsionar por el poder econ\u00f3mico. Vamos a ser capaces de construir la fuerza popular necesaria para gobernar la provincia\u201d, remarc\u00f3 el mandatario desde la sede del PJ en la capital chaque\u00f1a y acompa\u00f1ado por la vicegobernadora, Anal\u00eda Rach Quiroga.<br \/>\nDurante el encuentro en Resistencia, organizado por \u201cJ\u00f3venes peronistas con experiencia\u201d, Capitanich record\u00f3 que fueron los gobiernos peronistas, precisamente, los que construyeron hospitales y centros de salud. \u201cLos gobiernos peronistas hicimos rutas, pavimento urbano, viviendas populares. Nosotros hicimos las obras para el acceso al agua y la energ\u00eda el\u00e9ctrica\u201d, expres\u00f3.<br \/>\n\u201cNosotros llevamos al Chaco hacia el desarrollo y la justicia social, reconociendo los derechos y  la dignidad de cada uno de los hombres y mujeres que habitan esta provincia. Y eso es posible porque tenemos en esencia una doctrina que es simple, pr\u00e1ctica, popular, profundamente humanista y cristiana y que se basa en dos grandes objetivos, la felicidad de nuestro pueblo y la grandeza de nuestra patria\u201d, subray\u00f3 el gobernador y candidato a la reelecci\u00f3n.<\/p>\n<p>En un llamado a seguir militando, Capitanich expres\u00f3: \u201cles quiero pedir con mucha humildad que vayamos casa por casa, que tengamos la posibilidad de convencer a vecinos y vecinas, a ofrecerles este mensaje de esperanza que siempre el peronismo ha transmitido a trav\u00e9s de su historia. No me cabe la menor duda de que los d\u00edas m\u00e1s felices de nuestra historia siempre fueron, son y ser\u00e1n peronistas\u201d.<br \/>\nDel encuentro participaron militantes hist\u00f3ricos del peronismo chaque\u00f1o como el actual parlamentario del Mercosur, Julio Ren\u00e9 Sotelo, Alejandra Vilela, Mirta Morel, Cristina Magnano, Nancy Trejo, H\u00e9ctor \u201cFlicho\u201d Fern\u00e1ndez, Juan Manuel \u201cCarancho\u201d Ram\u00edrez, Jos\u00e9 Valent\u00edn \u201cAb\u00e1\u201d Ben\u00edtez, Germ\u00e1n Bittel, Ra\u00fal Bittel (padre), entre otros, junto a Juan Manuel Chapo, Ra\u00fal Bittel (hijo), y otros referentes y referentas del espacio.<\/p>\n<p>Encuentro en S\u00e1enz Pe\u00f1a<\/p>\n<p>Previamente, el mandatario mantuvo una reuni\u00f3n militante en Presidencia Roque S\u00e1enz Pe\u00f1a, m\u00e1s precisamente en la sede de la Universidad del Chaco Austral (Uncaus), donde llam\u00f3 a la unidad del peronismo en esa localidad: \u201cquiero convocarlos con mucha humildad y convicci\u00f3n a construir un espacio de gran militancia para acompa\u00f1ar a Luisina Lita, nuestra candidata a intendenta elegida por la voluntad popular en primarias abiertas, obligatorias y simult\u00e1neas\u201d.<br \/>\nAdem\u00e1s, asegur\u00f3 que en estas elecciones \u201cse disputan dos modelos de pa\u00eds\u201d. Y explic\u00f3: \u201co defendemos el modelo peronista de derechos, acciones y obras, o nos vamos a quedar entrampados en un liberalismo que va a cercenar derechos, romper las estructuras sociales y agudizar los conflictos como nunca antes\u201d.<br \/>\nDirigi\u00e9ndose a la militancia saenzpe\u00f1ense y acompa\u00f1ado por el candidato a diputado, Santiago Perez Pons, Capitanich areng\u00f3: \u201cd\u00edganle a cada vecino, a cada vecina, que S\u00e1enz Pe\u00f1a se ha refundado gracias a nuestro gobierno y salgan con fuerza, con energ\u00eda y con garra\u201d.<br \/>\nEn ese sentido, record\u00f3 una serie de obras estrat\u00e9gicas para la localidad como la Universidad del Chaco Austral, 500 cuadras de pavimento urbano, la refacci\u00f3n integral del hospital 4 de junio, la estaci\u00f3n transformadora del Electroducto Nea Noa, el nuevo centro de convenciones, 3.000 viviendas para familias chaque\u00f1as, infraestructura educativa, refacciones en comisar\u00edas, los edificios del poder judicial, adem\u00e1s de obras clave en materia de infraestructura vial.<\/p><\/div>\n","protected":false},"excerpt":{"rendered":"<p>Advirti\u00f3 que en estas elecciones \u201cse disputan dos modelos de pa\u00eds\u201d: Y explic\u00f3: \u201co defendemos el modelo peronista de derechos, acciones y obras, o nos vamos a quedar entrampados en un liberalismo que va a cercenar derechos, romper las estructuras sociales y agudizar los conflictos\u201d. El gobernador Jorge Capitanich mantuvo dos encuentros con militantes este [&hellip;]<\/p>\n","protected":false},"author":1,"featured_media":25806,"comment_status":"closed","ping_status":"closed","sticky":false,"template":"","format":"standard","meta":{"footnotes":""},"categories":[6],"tags":[],"class_list":{"0":"post-25805","1":"post","2":"type-post","3":"status-publish","4":"format-standard","5":"has-post-thumbnail","7":"category-chaco"},"_links":{"self":[{"href":"https:\/\/chacosintesis.com.ar\/index.php\/wp-json\/wp\/v2\/posts\/25805","targetHints":{"allow":["GET"]}}],"collection":[{"href":"https:\/\/chacosintesis.com.ar\/index.php\/wp-json\/wp\/v2\/posts"}],"about":[{"href":"https:\/\/chacosintesis.com.ar\/index.php\/wp-json\/wp\/v2\/types\/post"}],"author":[{"embeddable":true,"href":"https:\/\/chacosintesis.com.ar\/index.php\/wp-json\/wp\/v2\/users\/1"}],"replies":[{"embeddable":true,"href":"https:\/\/chacosintesis.com.ar\/index.php\/wp-json\/wp\/v2\/comments?post=25805"}],"version-history":[{"count":0,"href":"https:\/\/chacosintesis.com.ar\/index.php\/wp-json\/wp\/v2\/posts\/25805\/revisions"}],"wp:featuredmedia":[{"embeddable":true,"href":"https:\/\/chacosintesis.com.ar\/index.php\/wp-json\/wp\/v2\/media\/25806"}],"wp:attachment":[{"href":"https:\/\/chacosintesis.com.ar\/index.php\/wp-json\/wp\/v2\/media?parent=25805"}],"wp:term":[{"taxonomy":"category","embeddable":true,"href":"https:\/\/chacosintesis.com.ar\/index.php\/wp-json\/wp\/v2\/categories?post=25805"},{"taxonomy":"post_tag","embeddable":true,"href":"https:\/\/chacosintesis.com.ar\/index.php\/wp-json\/wp\/v2\/tags?post=25805"}],"curies":[{"name":"wp","href":"https:\/\/api.w.org\/{rel}","templated":true}]}}