{"id":25801,"date":"2023-08-27T02:22:04","date_gmt":"2023-08-27T05:22:04","guid":{"rendered":"https:\/\/chacosintesis.com.ar\/?p=25801"},"modified":"2023-08-27T02:36:53","modified_gmt":"2023-08-27T05:36:53","slug":"denuncian-por-agresiones-fisicas-y-agravios-verbales-a-dirigentes-de-juntos-por-cambio-en-santa-sylvina","status":"publish","type":"post","link":"https:\/\/chacosintesis.com.ar\/index.php\/denuncian-por-agresiones-fisicas-y-agravios-verbales-a-dirigentes-de-juntos-por-cambio-en-santa-sylvina\/","title":{"rendered":"Denuncian por agresiones f\u00edsicas y agravios verbales a dirigentes de Juntos por Cambio en Santa Sylvina"},"content":{"rendered":"<div class=\"postie-post\">Varios dirigentes y militantes de Juntos por el Cambio fueron denunciados hoy por agresiones f\u00edsicas y agravios verbales durante una actividad oficial que tuvo lugar el viernes en Santa Sylvina.<br \/>\nLa presentaci\u00f3n fue realizada por el candidato a intendente del Frente Chaque\u00f1o Hugo Adri\u00e1n \u201cBebo\u201d Gim\u00e9nez, quien result\u00f3 herido con excoriaciones en la zona dorsal y ambos antebrazos, situaci\u00f3n que fue comprobada por profesionales m\u00e9dicos.<\/p>\n<p> \u201cRealmente es inadmisible que sigan utilizando la violencia para generar operaciones pol\u00edticas; este tipo de accionar es repudiable y atenta contra nuestra democracia\u201d, sostuvo Gim\u00e9nez. Los ataques y agresiones se registraron el viernes durante una actividad oficial encabezada por el gobernador Jorge Capitanich y la intendenta local Susana Maggio.<\/p>\n<p> En distintos videos que circulan en redes sociales se puede apreciar lo que ocurri\u00f3 durante la entrega de una vivienda para una familia de la localidad.<\/p>\n<p> En las im\u00e1genes se ve y se oye c\u00f3mo distintos dirigentes de Juntos por el Cambio empujan y agreden f\u00edsica y verbalmente incluso a integrantes del equipo de trabajo de la intendenta Maggio.<\/p>\n<p> Ante la situaci\u00f3n que se produce en el interior de la casa, el gobernador reacciona pidiendo calma y tranquilidad para poder continuar con la recorrida junto a las y los beneficiarios de la vivienda.<\/p>\n<p> \u201cPretender, bajo violencia, da\u00f1ar, calumniar, e injuriar a un candidato muestra no solo lo intolerantes que son, sino que adem\u00e1s son claras se\u00f1ales de lo que pueden llegar a ser gobernando\u201d, remarc\u00f3 Gim\u00e9nez.<\/p>\n<p> El candidato del Frente Chaque\u00f1o asegur\u00f3 en la denuncia presentada ante autoridades de la Comisar\u00eda de Santa Sylvina que \u201cvarias personas de Juntos por el Cambio trataron de entorpecer el acompa\u00f1amiento al gobernador\u201d y que durante la entrega de una vivienda en esa localidad lo agredieron f\u00edsica y verbalmente.<\/p>\n<p>\u201cHay constancia de lo que sucedi\u00f3 en distintos videos que fueron grabados en ese momento; el m\u00e9dico que me atendi\u00f3 constat\u00f3 lesiones en regi\u00f3n dorsal y ambos brazos\u201d, afirm\u00f3. Gim\u00e9nez tambi\u00e9n coment\u00f3 que solicit\u00f3 ante la fuerza de seguridad medidas cautelares de protecci\u00f3n e impedimento de acercamiento hacia su persona por parte de las y los agresores porque teme por su integridad f\u00edsica.<\/p>\n<p>\u201cEstamos cansados de las operaciones pol\u00edticas y mentiras de la oposici\u00f3n y ante esto respondemos con hechos y datos objetivos de la realidad y de lo que ocurri\u00f3\u201d, finaliz\u00f3.<\/p><\/div>\n","protected":false},"excerpt":{"rendered":"<p>Varios dirigentes y militantes de Juntos por el Cambio fueron denunciados hoy por agresiones f\u00edsicas y agravios verbales durante una actividad oficial que tuvo lugar el viernes en Santa Sylvina. La presentaci\u00f3n fue realizada por el candidato a intendente del Frente Chaque\u00f1o Hugo Adri\u00e1n \u201cBebo\u201d Gim\u00e9nez, quien result\u00f3 herido con excoriaciones en la zona dorsal [&hellip;]<\/p>\n","protected":false},"author":1,"featured_media":25802,"comment_status":"closed","ping_status":"closed","sticky":false,"template":"","format":"standard","meta":{"footnotes":""},"categories":[6],"tags":[],"class_list":{"0":"post-25801","1":"post","2":"type-post","3":"status-publish","4":"format-standard","5":"has-post-thumbnail","7":"category-chaco"},"_links":{"self":[{"href":"https:\/\/chacosintesis.com.ar\/index.php\/wp-json\/wp\/v2\/posts\/25801","targetHints":{"allow":["GET"]}}],"collection":[{"href":"https:\/\/chacosintesis.com.ar\/index.php\/wp-json\/wp\/v2\/posts"}],"about":[{"href":"https:\/\/chacosintesis.com.ar\/index.php\/wp-json\/wp\/v2\/types\/post"}],"author":[{"embeddable":true,"href":"https:\/\/chacosintesis.com.ar\/index.php\/wp-json\/wp\/v2\/users\/1"}],"replies":[{"embeddable":true,"href":"https:\/\/chacosintesis.com.ar\/index.php\/wp-json\/wp\/v2\/comments?post=25801"}],"version-history":[{"count":0,"href":"https:\/\/chacosintesis.com.ar\/index.php\/wp-json\/wp\/v2\/posts\/25801\/revisions"}],"wp:featuredmedia":[{"embeddable":true,"href":"https:\/\/chacosintesis.com.ar\/index.php\/wp-json\/wp\/v2\/media\/25802"}],"wp:attachment":[{"href":"https:\/\/chacosintesis.com.ar\/index.php\/wp-json\/wp\/v2\/media?parent=25801"}],"wp:term":[{"taxonomy":"category","embeddable":true,"href":"https:\/\/chacosintesis.com.ar\/index.php\/wp-json\/wp\/v2\/categories?post=25801"},{"taxonomy":"post_tag","embeddable":true,"href":"https:\/\/chacosintesis.com.ar\/index.php\/wp-json\/wp\/v2\/tags?post=25801"}],"curies":[{"name":"wp","href":"https:\/\/api.w.org\/{rel}","templated":true}]}}