{"id":25797,"date":"2023-08-26T23:58:40","date_gmt":"2023-08-27T02:58:40","guid":{"rendered":"https:\/\/chacosintesis.com.ar\/?p=25797"},"modified":"2023-08-27T00:07:58","modified_gmt":"2023-08-27T03:07:58","slug":"capitanich-este-no-es-tiempo-para-flojos-ni-improvisados","status":"publish","type":"post","link":"https:\/\/chacosintesis.com.ar\/index.php\/capitanich-este-no-es-tiempo-para-flojos-ni-improvisados\/","title":{"rendered":"Capitanich: \u201cEste no es tiempo para flojos ni improvisados\u201d"},"content":{"rendered":"<div class=\"postie-post\">Acceso a la vivienda, conectividad vial con nuevos tramos de rutas y avenidas, pavimento urbano, acceso al agua potable e infraestructura educativa y deportiva son algunos de los hitos de la gesti\u00f3n provincial durante esta semana.<br \/>\nEl gobernador Jorge Capitanich encabez\u00f3 esta semana una intensa agenda cargada de numerosas inauguraciones, habilitaciones, lanzamientos e iniciativas para mejorar la vida de los chaque\u00f1os y chaque\u00f1as.<br \/>\n\u201cHay que tener el coraje y la valent\u00eda de seguir transformando la provincia y trabajando unidos. Y para eso tenemos que decirle al pueblo chaque\u00f1o que es mucho lo que nos falta por hacer, pero tambi\u00e9n mucho lo que hemos hecho y que simplemente tiene que comparar entre los que hicieron los otros y los que sabemos hacer nosotros. Este no es tiempo para flojos ni para improvisados\u201d, expres\u00f3 en el marco de la presentaci\u00f3n del plan de gobierno 2023 &#8211; 2027 en Villa \u00c1ngela.<br \/>\nEl mandatario record\u00f3 que, para gobernar, lo primero es \u201cconocer el territorio, a la gente, y sus problemas. Porque cuando uno conoce los problemas de la gente los tiene que interpretar desde el coraz\u00f3n, es decir, estremecerse con el dolor del otro\u201d.<br \/>\n\u201cY entender el dolor del otro significa lo que quiere negar hoy Javier Milei, que donde hay una necesidad nace un derecho. Eso se llama justicia social, la cual nosotros estamos orgullosos de representar como espacio. Porque finalmente, el s\u00e1lvese quien pueda, el individualismo extremo lo \u00fanico que ha hecho es agudizar las desigualdades\u201d, apunt\u00f3.<br \/>\nA nivel local, adem\u00e1s, expres\u00f3 que los chaque\u00f1os y chaque\u00f1as \u201cno queremos ning\u00fan gobernador importado que lo apoyen partidos pol\u00edticos de otras provincias. Los chaque\u00f1os tenemos el orgullo de elegir a nuestros representantes con la voluntad popular que est\u00e9n identificados con el coraz\u00f3n de nuestro pueblo\u201d.<\/p>\n<p>Hechos, no palabras<br \/>\nEl domingo pasado, el mandatario inaugur\u00f3 la pavimentaci\u00f3n de la avenida Mac Lean, en Resistencia. Se trata de 20 cuadras de pavimento urbano con desag\u00fces pluviales e iluminaci\u00f3n led que demand\u00f3 una inversi\u00f3n superior a los 400 millones de pesos con recursos provinciales. El gobernador destac\u00f3 la millonaria inversi\u00f3n en infraestructura realizada durante sus gestiones en la capital provincial, y adelant\u00f3 que el plan para los pr\u00f3ximos cuatro a\u00f1os prev\u00e9 otras 2500 cuadras de pavimento.<br \/>\nEl lunes inici\u00f3 con una importante noticia: Chaco tendr\u00e1 el tercer parque solar m\u00e1s grande del pa\u00eds. La planta energ\u00e9tica, que ya se construye en Pampa del Infierno en una extensi\u00f3n de 320 hect\u00e1reas, contar\u00e1 con una potencia instalada de 150 megavatios, y generar\u00e1 300 nuevos puestos de trabajo para la provincia. La capacidad energ\u00e9tica instalada beneficiar\u00e1 al Chaco y toda la regi\u00f3n, reduciendo adem\u00e1s la cantidad de di\u00f3xido de carbono.<br \/>\nEse mismo d\u00eda, el gobernador entreg\u00f3 40 viviendas en Presidencia de la Plaza. Se trata de dos paquetes de obras: unas 20 del programa Reconstruir que demandaron una inversi\u00f3n de $231.146.928, y otras 20 del mismo programa pero que forman parte de un proyecto de 40 y que implican una inversi\u00f3n de $451.498.315. Hay 40 m\u00e1s en ejecuci\u00f3n y un plan de 95 prontas a ser licitadas en la localidad.<br \/>\nEl martes, Capitanich inaugur\u00f3 un nuevo tramo de la avenida Marconi, que permitir\u00e1 completar la conectividad entre Resistencia y Fontana. La obra de 1.000 metros se complementa con los 3.800 habilitados en junio pasado como parte del plan de obras viales en el \u00e1rea metropolitana del Gran Resistencia. Demand\u00f3 una inversi\u00f3n superior a los 1.600 millones de pesos.<br \/>\nEl mi\u00e9rcoles el gobernador habilit\u00f3 el tramo de las rutas 1 y 3 que une Puerto Bermejo con General Vedia. El proyecto, que comprende la pavimentaci\u00f3n de casi 16 kil\u00f3metros, abarca adem\u00e1s dos puentes carreteros y es clave para el desarrollo de todo el departamento Bermejo. Adem\u00e1s, el gobernador habilit\u00f3 un nuevo almac\u00e9n popular e infraestructura edilicia en el Club Municipal de Puerto Bermejo, en donde entreg\u00f3 elementos deportivos.<br \/>\nEl jueves, en Castelli, el gobernador entreg\u00f3 viviendas y t\u00edtulos de propiedad para m\u00e1s familias chaque\u00f1as. Fueron 72 viviendas en la zona norte de la ciudad y 37 t\u00edtulos de propiedad. &#8220;Seguimos garantizando el acceso a la vivienda y promovemos el arraigo a la tierra, como reivindicaci\u00f3n hist\u00f3rica para nuestros productores y comunidades rurales&#8221;, expres\u00f3.<br \/>\nY en Tres Isletas, ese mismo d\u00eda, inaugur\u00f3 un centro de salud, infraestructura deportiva y electrificaci\u00f3n rural. Construidas por el Gobierno provincial, la sala de salud y las conexiones energ\u00e9ticas permitir\u00e1n elevar la calidad de vida de decenas de familias del paraje La Peligrosa y zonas aleda\u00f1as. Adem\u00e1s, el gobernador tambi\u00e9n habilit\u00f3 obras en el Club V\u00e9lez Sarsfield y entreg\u00f3 c\u00e1maras de seguridad en el marco del programa provincial Municipios Seguros.<br \/>\nLa jornada del viernes inici\u00f3 con el anuncio, junto a representantes gremiales,  del esquema de efectivizaci\u00f3n de contratos de servicio para la Administraci\u00f3n P\u00fablica, que alcanzar\u00e1 a m\u00e1s de 1.500 agentes de distintas jurisdicciones. Un 60% de las y los trabajadores ingresar\u00e1 este a\u00f1o y el 40% restante en 2024.<br \/>\nLuego, en Villa Berthet, el mandatario inaugur\u00f3 la Escuela N\u00ba 202, 20 cuadras de pavimento y un SUM en el Club Cooperativa, donde adem\u00e1s entreg\u00f3 elementos deportivos.<br \/>\nTambi\u00e9n el viernes, en Samuh\u00fa, inaugur\u00f3 el nuevo sistema de provisi\u00f3n de agua potable. Ahora, el 96% de la localidad se encuentra conectada a la red. Para ello se construy\u00f3 una cisterna de hormig\u00f3n, una planta potabilizadora y 17 kil\u00f3metros de ca\u00f1er\u00edas.<br \/>\nY en Villa \u00c1ngela, el mandatario present\u00f3 el programa de Gobierno para el Chaco del futuro. Algunos de los puntos m\u00e1s salientes de la propuesta son: 200.000 empleos formales, 20.000 viviendas, 1500 millones de d\u00f3lares en exportaciones y una tasa anual de crecimiento del 5%. &#8220;Se trata de un conjunto de pol\u00edticas p\u00fablicas para profundizar lo que venimos haciendo y transformar la vida de la gente&#8221;, apunt\u00f3.<br \/>\nLa semana cerr\u00f3 en la localidad de Santa Sylvina, donde el gobernador inaugur\u00f3 32 cuadras de pavimento, la remodelaci\u00f3n de la plaza del gaucho y acompa\u00f1\u00f3 un sorteo de viviendas.<br \/>\n<<a href=\"http:\/\/www.avg.com\/email-signature?utm_medium=email&#038;utm_source=link&#038;utm_campaign=sig-email&#038;utm_content=webmail\">www.avg.com\/email-signature?utm_medium=email&amp;utm_source=link&amp;utm_campaign=sig-email&amp;utm_content=webmail<\/a>> Libre de virus.www.avg.com <<a href=\"http:\/\/www.avg.com\/email-signature?utm_medium=email&#038;utm_source=link&#038;utm_campaign=sig-email&#038;utm_content=webmail\">www.avg.com\/email-signature?utm_medium=email&amp;utm_source=link&amp;utm_campaign=sig-email&amp;utm_content=webmail<\/a>> <#DAB4FAD8-2DD7-40BB-A1B8-4E2AA1F9FDF2><\/div>\n","protected":false},"excerpt":{"rendered":"<p>Acceso a la vivienda, conectividad vial con nuevos tramos de rutas y avenidas, pavimento urbano, acceso al agua potable e infraestructura educativa y deportiva son algunos de los hitos de la gesti\u00f3n provincial durante esta semana. El gobernador Jorge Capitanich encabez\u00f3 esta semana una intensa agenda cargada de numerosas inauguraciones, habilitaciones, lanzamientos e iniciativas para [&hellip;]<\/p>\n","protected":false},"author":1,"featured_media":25798,"comment_status":"closed","ping_status":"closed","sticky":false,"template":"","format":"standard","meta":{"footnotes":""},"categories":[6],"tags":[],"class_list":{"0":"post-25797","1":"post","2":"type-post","3":"status-publish","4":"format-standard","5":"has-post-thumbnail","7":"category-chaco"},"_links":{"self":[{"href":"https:\/\/chacosintesis.com.ar\/index.php\/wp-json\/wp\/v2\/posts\/25797","targetHints":{"allow":["GET"]}}],"collection":[{"href":"https:\/\/chacosintesis.com.ar\/index.php\/wp-json\/wp\/v2\/posts"}],"about":[{"href":"https:\/\/chacosintesis.com.ar\/index.php\/wp-json\/wp\/v2\/types\/post"}],"author":[{"embeddable":true,"href":"https:\/\/chacosintesis.com.ar\/index.php\/wp-json\/wp\/v2\/users\/1"}],"replies":[{"embeddable":true,"href":"https:\/\/chacosintesis.com.ar\/index.php\/wp-json\/wp\/v2\/comments?post=25797"}],"version-history":[{"count":0,"href":"https:\/\/chacosintesis.com.ar\/index.php\/wp-json\/wp\/v2\/posts\/25797\/revisions"}],"wp:featuredmedia":[{"embeddable":true,"href":"https:\/\/chacosintesis.com.ar\/index.php\/wp-json\/wp\/v2\/media\/25798"}],"wp:attachment":[{"href":"https:\/\/chacosintesis.com.ar\/index.php\/wp-json\/wp\/v2\/media?parent=25797"}],"wp:term":[{"taxonomy":"category","embeddable":true,"href":"https:\/\/chacosintesis.com.ar\/index.php\/wp-json\/wp\/v2\/categories?post=25797"},{"taxonomy":"post_tag","embeddable":true,"href":"https:\/\/chacosintesis.com.ar\/index.php\/wp-json\/wp\/v2\/tags?post=25797"}],"curies":[{"name":"wp","href":"https:\/\/api.w.org\/{rel}","templated":true}]}}