{"id":25793,"date":"2023-08-26T23:53:30","date_gmt":"2023-08-27T02:53:30","guid":{"rendered":"https:\/\/chacosintesis.com.ar\/?p=25793"},"modified":"2023-08-27T00:07:45","modified_gmt":"2023-08-27T03:07:45","slug":"en-el-impenetrable-el-gobierno-entrego-equipamiento-para-fortalecer-el-sector-apicola","status":"publish","type":"post","link":"https:\/\/chacosintesis.com.ar\/index.php\/en-el-impenetrable-el-gobierno-entrego-equipamiento-para-fortalecer-el-sector-apicola\/","title":{"rendered":"En El Impenetrable, el gobierno entreg\u00f3 equipamiento para fortalecer el sector ap\u00edcola"},"content":{"rendered":"<div class=\"postie-post\">&#8220;Chaco es la principal productora de miel org\u00e1nica del pa\u00eds y nos enorgullece decir que el mayor porcentaje de producci\u00f3n es del departamento G\u00fcemes&#8221;, dijo Rach Quiroga.<br \/>\nEn el paraje Las Cortaderas (El Impenetrable), la vicegobernadora Analia Rach Quiroga y la ministra de Ambiente y Desarrollo Territorial Sostenible, Marta Soneira, se reunieron con las organizaciones que nuclean el Frente Nacional Campesino y les entregaron 50 c\u00e1maras de cr\u00eda completas para el fortalecimiento del sector ap\u00edcola.<br \/>\n\u201cChaco es la principal productora de miel org\u00e1nica del pa\u00eds y nos enorgullece decir que el mayor porcentaje de producci\u00f3n es del Departamento G\u00fcemes\u201d, expres\u00f3 la vicegobernadora. Productores del paraje El Caudillo tambi\u00e9n recibieron 50 cajones completos.<br \/>\nLas c\u00e1maras de cr\u00eda ser\u00e1n utilizadas en las capacitaciones que fueron posibles gracias a un acuerdo que tiene el Gobierno provincial con el Consejo Federal de Inversiones (CFI), en el cual se van a montar ocho apiarios demostrativos a lo largo de la provincia, la mayor\u00eda en el Departamento G\u00fcemes.<br \/>\n\u201cEl desarrollo de la actividad ap\u00edcola con certificaci\u00f3n org\u00e1nica en la zona es y ser\u00e1 una de las actividades del futuro, productivo para la zona y principalmente que es complementaria con otras actividades, entendiendo que la presencia de abejas tambi\u00e9n promueve la generaci\u00f3n de frutos\u201d, destac\u00f3 por su parte la ministra Marta Soneira.<br \/>\nTambi\u00e9n participaron el subsecretario de Ambiente y Biodiversidad, Tom\u00e1s Camarasa, la intendenta de Fuerte Esperanza, In\u00e9s Ortega y el dirigente de El Sauzalito Jorge Monz\u00f3n.<br \/>\n<<a href=\"http:\/\/www.avg.com\/email-signature?utm_medium=email&#038;utm_source=link&#038;utm_campaign=sig-email&#038;utm_content=webmail\">www.avg.com\/email-signature?utm_medium=email&amp;utm_source=link&amp;utm_campaign=sig-email&amp;utm_content=webmail<\/a>> Libre de virus.www.avg.com <<a href=\"http:\/\/www.avg.com\/email-signature?utm_medium=email&#038;utm_source=link&#038;utm_campaign=sig-email&#038;utm_content=webmail\">www.avg.com\/email-signature?utm_medium=email&amp;utm_source=link&amp;utm_campaign=sig-email&amp;utm_content=webmail<\/a>> <#DAB4FAD8-2DD7-40BB-A1B8-4E2AA1F9FDF2><\/div>\n","protected":false},"excerpt":{"rendered":"<p>&#8220;Chaco es la principal productora de miel org\u00e1nica del pa\u00eds y nos enorgullece decir que el mayor porcentaje de producci\u00f3n es del departamento G\u00fcemes&#8221;, dijo Rach Quiroga. En el paraje Las Cortaderas (El Impenetrable), la vicegobernadora Analia Rach Quiroga y la ministra de Ambiente y Desarrollo Territorial Sostenible, Marta Soneira, se reunieron con las organizaciones [&hellip;]<\/p>\n","protected":false},"author":1,"featured_media":25794,"comment_status":"closed","ping_status":"closed","sticky":false,"template":"","format":"standard","meta":{"footnotes":""},"categories":[6],"tags":[],"class_list":{"0":"post-25793","1":"post","2":"type-post","3":"status-publish","4":"format-standard","5":"has-post-thumbnail","7":"category-chaco"},"_links":{"self":[{"href":"https:\/\/chacosintesis.com.ar\/index.php\/wp-json\/wp\/v2\/posts\/25793","targetHints":{"allow":["GET"]}}],"collection":[{"href":"https:\/\/chacosintesis.com.ar\/index.php\/wp-json\/wp\/v2\/posts"}],"about":[{"href":"https:\/\/chacosintesis.com.ar\/index.php\/wp-json\/wp\/v2\/types\/post"}],"author":[{"embeddable":true,"href":"https:\/\/chacosintesis.com.ar\/index.php\/wp-json\/wp\/v2\/users\/1"}],"replies":[{"embeddable":true,"href":"https:\/\/chacosintesis.com.ar\/index.php\/wp-json\/wp\/v2\/comments?post=25793"}],"version-history":[{"count":0,"href":"https:\/\/chacosintesis.com.ar\/index.php\/wp-json\/wp\/v2\/posts\/25793\/revisions"}],"wp:featuredmedia":[{"embeddable":true,"href":"https:\/\/chacosintesis.com.ar\/index.php\/wp-json\/wp\/v2\/media\/25794"}],"wp:attachment":[{"href":"https:\/\/chacosintesis.com.ar\/index.php\/wp-json\/wp\/v2\/media?parent=25793"}],"wp:term":[{"taxonomy":"category","embeddable":true,"href":"https:\/\/chacosintesis.com.ar\/index.php\/wp-json\/wp\/v2\/categories?post=25793"},{"taxonomy":"post_tag","embeddable":true,"href":"https:\/\/chacosintesis.com.ar\/index.php\/wp-json\/wp\/v2\/tags?post=25793"}],"curies":[{"name":"wp","href":"https:\/\/api.w.org\/{rel}","templated":true}]}}