{"id":25791,"date":"2023-08-26T23:51:29","date_gmt":"2023-08-27T02:51:29","guid":{"rendered":"https:\/\/chacosintesis.com.ar\/?p=25791"},"modified":"2023-08-27T00:07:37","modified_gmt":"2023-08-27T03:07:37","slug":"clubes-de-futbol-y-dispositivos-de-contencion-social-de-saenz-pena-recibieron-equipamiento","status":"publish","type":"post","link":"https:\/\/chacosintesis.com.ar\/index.php\/clubes-de-futbol-y-dispositivos-de-contencion-social-de-saenz-pena-recibieron-equipamiento\/","title":{"rendered":"Clubes de f\u00fatbol y dispositivos de contenci\u00f3n social de S\u00e1enz Pe\u00f1a recibieron equipamiento"},"content":{"rendered":"<div class=\"postie-post\">La entrega fue realizada por el gobernador Capitanich, junto a la ministra Chiacchio Cavana, quien resalt\u00f3 que estas instituciones \u201cson la casa de quienes muchas veces no la tienen, y por eso es tan importante darles las herramientas de trabajo que necesitan\u201d.<br \/>\nEn el marco del programa de Fortalecimiento de Dispositivos de Cuidados Residenciales, el gobernador Jorge Capitanich entreg\u00f3 equipamiento a cuatro dispositivos de contenci\u00f3n social integral de S\u00e1enz Pe\u00f1a. El mandatario destac\u00f3 la calidad de la infraestructura disponible y la atenci\u00f3n de los Centros Integrales de Integraci\u00f3n Familiar (CIFF) locales, que asisten a entre 400 y 500 ni\u00f1os, ni\u00f1as y adolescentes.<br \/>\n\u201cEs para sentir orgullo de lo que podemos ser capaces de hacer trabajando con un dise\u00f1o de pol\u00edticas p\u00fablicas que nos permita resolver problemas con la comunidad\u201d, dijo Capitanich, acompa\u00f1ado por el ministro de Planificaci\u00f3n, Econom\u00eda e Infraestructura, Santiago P\u00e9rez Pons, y la ministra de Desarrollo Social, P\u00eda Chiacchio Cavana.<br \/>\nCon una inversi\u00f3n aproximada de $33.073.785 se entregaron aires acondicionados, ventiladores, mobiliario, electrodom\u00e9sticos, materiales l\u00fadicos, entre otros bienes a los CIFF N\u00b02 \u201cAlgarab\u00eda\u201d, que atiende a 162 ni\u00f1os, ni\u00f1as y adolescentes; \u201cDon Orione\u201d que asiste a 35 y \u201cSan Roque\u201d que recibe a otros 70. La Residencia de Adultos Mayores (RAM) San Roque, que asiste a 26 personas, tambi\u00e9n recibi\u00f3 equipamiento. En total, la provincia cuenta con 292 dispositivos sociales que brindan contenci\u00f3n a cerca de 50.000 personas.<br \/>\n\u201cNuestras instituciones son la casa de quienes muchas veces no la tienen, en nuestras instituciones uno encuentra no solamente la posibilidad de satisfacer una necesidad material sino tambi\u00e9n afectiva y espiritual y por eso creo que es tan importante darles las herramientas de trabajo para que todo esto se pueda concretar y que la gente pueda vivir con mayor dignidad\u201d, dijo por su parte la ministra de Desarrollo Social.<br \/>\nAl inicio de la gesti\u00f3n, en 2019, exist\u00edan alrededor de 100 dispositivos (entre todas las subsecretar\u00edas del Ministerio) y hoy son cerca de 300. \u201cHa habido una inversi\u00f3n de infraestructura a favor de quienes m\u00e1s necesitan, para que el Estado pueda llegar de una mejor forma, as\u00ed que sin dudas creo que un mejor Estado siempre es posible\u201d, sostuvo la funcionaria.<br \/>\nEstuvieron presentes en la actividad la concejala Luisina Lita; la subsecretaria de Ni\u00f1ez, Adolescencia y Familia, Mar\u00eda Graciela Cavana; el subsecretario de Personas Adultas Mayores, Atilio Garc\u00eda Plitchar; la directora de Fortalecimiento Integral de la Familia, Andrea Mir; la directora de Personas Adultas Mayores, Wally Sol\u00eds.<\/p>\n<p>Impulso al deporte<br \/>\nPosterior a la entrega de equipamiento, en la cancha de la Liga de Veteranos el Jefe del Ejecutivo chaque\u00f1o entreg\u00f3 elementos deportivos aportados por Loter\u00eda Chaque\u00f1a a 22 clubes, en el marco del torneo de f\u00fatbol infantil \u201cCopa de Todos\u201d organizado por el Gobierno provincial. \u201cQueremos que se diviertan mucho, que puedan disfrutar con sus amigos, que puedan pasar muy bien hoy y que, a su vez, todo esto les sirva para unirse entre ustedes, tener amistad y compa\u00f1erismo\u201d, les dijo a los competidores.<br \/>\nEl titular de la cartera econ\u00f3mica, Santiago P\u00e9rez Pons, afirm\u00f3 que la entrega de pelotas, redes, camisetas y trofeos \u201cconstituye un fortalecimiento para las instituciones\u201d. \u201cEl espacio del deporte es el espacio m\u00e1s importante que tienen los chicos despu\u00e9s de la escuela\u201d, asegur\u00f3, celebrando la decisi\u00f3n del gobernador \u201cde fortalecer a los clubes deportivos, a los que est\u00e1n m\u00e1s institucionalizados y a los que no tambi\u00e9n\u201d.<br \/>\n<<a href=\"http:\/\/www.avg.com\/email-signature?utm_medium=email&#038;utm_source=link&#038;utm_campaign=sig-email&#038;utm_content=webmail\">www.avg.com\/email-signature?utm_medium=email&amp;utm_source=link&amp;utm_campaign=sig-email&amp;utm_content=webmail<\/a>> Libre de virus.www.avg.com <<a href=\"http:\/\/www.avg.com\/email-signature?utm_medium=email&#038;utm_source=link&#038;utm_campaign=sig-email&#038;utm_content=webmail\">www.avg.com\/email-signature?utm_medium=email&amp;utm_source=link&amp;utm_campaign=sig-email&amp;utm_content=webmail<\/a>> <#DAB4FAD8-2DD7-40BB-A1B8-4E2AA1F9FDF2><\/div>\n","protected":false},"excerpt":{"rendered":"<p>La entrega fue realizada por el gobernador Capitanich, junto a la ministra Chiacchio Cavana, quien resalt\u00f3 que estas instituciones \u201cson la casa de quienes muchas veces no la tienen, y por eso es tan importante darles las herramientas de trabajo que necesitan\u201d. En el marco del programa de Fortalecimiento de Dispositivos de Cuidados Residenciales, el [&hellip;]<\/p>\n","protected":false},"author":1,"featured_media":25792,"comment_status":"closed","ping_status":"closed","sticky":false,"template":"","format":"standard","meta":{"footnotes":""},"categories":[6],"tags":[],"class_list":{"0":"post-25791","1":"post","2":"type-post","3":"status-publish","4":"format-standard","5":"has-post-thumbnail","7":"category-chaco"},"_links":{"self":[{"href":"https:\/\/chacosintesis.com.ar\/index.php\/wp-json\/wp\/v2\/posts\/25791","targetHints":{"allow":["GET"]}}],"collection":[{"href":"https:\/\/chacosintesis.com.ar\/index.php\/wp-json\/wp\/v2\/posts"}],"about":[{"href":"https:\/\/chacosintesis.com.ar\/index.php\/wp-json\/wp\/v2\/types\/post"}],"author":[{"embeddable":true,"href":"https:\/\/chacosintesis.com.ar\/index.php\/wp-json\/wp\/v2\/users\/1"}],"replies":[{"embeddable":true,"href":"https:\/\/chacosintesis.com.ar\/index.php\/wp-json\/wp\/v2\/comments?post=25791"}],"version-history":[{"count":0,"href":"https:\/\/chacosintesis.com.ar\/index.php\/wp-json\/wp\/v2\/posts\/25791\/revisions"}],"wp:featuredmedia":[{"embeddable":true,"href":"https:\/\/chacosintesis.com.ar\/index.php\/wp-json\/wp\/v2\/media\/25792"}],"wp:attachment":[{"href":"https:\/\/chacosintesis.com.ar\/index.php\/wp-json\/wp\/v2\/media?parent=25791"}],"wp:term":[{"taxonomy":"category","embeddable":true,"href":"https:\/\/chacosintesis.com.ar\/index.php\/wp-json\/wp\/v2\/categories?post=25791"},{"taxonomy":"post_tag","embeddable":true,"href":"https:\/\/chacosintesis.com.ar\/index.php\/wp-json\/wp\/v2\/tags?post=25791"}],"curies":[{"name":"wp","href":"https:\/\/api.w.org\/{rel}","templated":true}]}}