{"id":25789,"date":"2023-08-26T23:49:59","date_gmt":"2023-08-27T02:49:59","guid":{"rendered":"https:\/\/chacosintesis.com.ar\/?p=25789"},"modified":"2023-08-27T00:07:21","modified_gmt":"2023-08-27T03:07:21","slug":"colonia-aborigen-celebracion-del-dia-del-veterano-y-los-caidos-indigenas-en-la-guerra-de-malvinas","status":"publish","type":"post","link":"https:\/\/chacosintesis.com.ar\/index.php\/colonia-aborigen-celebracion-del-dia-del-veterano-y-los-caidos-indigenas-en-la-guerra-de-malvinas\/","title":{"rendered":"Colonia Aborigen: Celebraci\u00f3n del D\u00eda del Veterano y los Ca\u00eddos Ind\u00edgenas en la guerra de Malvinas"},"content":{"rendered":"<div class=\"postie-post\">Tambi\u00e9n celebraron el mes de las infancias para que ni\u00f1os y ni\u00f1as, adem\u00e1s de recibir sus regalos, puedan conocer a los veteranos de guerra de Malvinas.<br \/>\nEn Colonia Aborigen, el gobernador Jorge Capitanich particip\u00f3 este s\u00e1bado de la celebraci\u00f3n por el d\u00eda del Veterano y los Ca\u00eddos Ind\u00edgenas en la guerra de Malvinas, oportunidad en la que festejaron tambi\u00e9n el mes de las infancias con los ni\u00f1os y ni\u00f1as de la comunidad.<br \/>\nEl mandatario puso en valor el crecimiento del flamante municipio, que el pr\u00f3ximo 17 de septiembre elegir\u00e1 por primera vez intendente: la pavimentaci\u00f3n de la ruta de acceso, la escuela Florencio Tenev, el jard\u00edn de infantes, el anexo de la escuela 87, el hospital, electrificaci\u00f3n rural, entre otros.<br \/>\n\u201cTenemos que garantizar con el nuevo acueducto, la provisi\u00f3n de agua para la poblaci\u00f3n, que es el gran objetivo que tenemos en el pr\u00f3ximo mandato constitucional\u201d, dijo Capitanich, y asegur\u00f3: \u201ctodos ustedes saben que pueden contar conmigo, han contado siempre, lo contar\u00e1n ahora, lo contar\u00e1n en los pr\u00f3ximos mandatos, porque seguiremos construyendo desde Colonia Aborigen todas las reivindicaciones que sean necesarias\u201d.<br \/>\nSamuel Ortega, hijo de un ex combatiente, expres\u00f3 que la idea de la jornada nace a partir de la iniciativa de que los ni\u00f1os y ni\u00f1as, adem\u00e1s de recibir sus regalos, tomen contacto con veteranos de guerra y puedan compartir con ellos. Como parte de las actividades hubo un especial homenaje a Juan Chico, quien fue el fundador de la Fundaci\u00f3n Napalp\u00ed, adem\u00e1s de historiador, escritor, investigador, productor de documentales y docente de la comunidad.<br \/>\n<<a href=\"http:\/\/www.avg.com\/email-signature?utm_medium=email&#038;utm_source=link&#038;utm_campaign=sig-email&#038;utm_content=webmail\">www.avg.com\/email-signature?utm_medium=email&amp;utm_source=link&amp;utm_campaign=sig-email&amp;utm_content=webmail<\/a>> Libre de virus.www.avg.com <<a href=\"http:\/\/www.avg.com\/email-signature?utm_medium=email&#038;utm_source=link&#038;utm_campaign=sig-email&#038;utm_content=webmail\">www.avg.com\/email-signature?utm_medium=email&amp;utm_source=link&amp;utm_campaign=sig-email&amp;utm_content=webmail<\/a>> <#DAB4FAD8-2DD7-40BB-A1B8-4E2AA1F9FDF2><\/div>\n","protected":false},"excerpt":{"rendered":"<p>Tambi\u00e9n celebraron el mes de las infancias para que ni\u00f1os y ni\u00f1as, adem\u00e1s de recibir sus regalos, puedan conocer a los veteranos de guerra de Malvinas. En Colonia Aborigen, el gobernador Jorge Capitanich particip\u00f3 este s\u00e1bado de la celebraci\u00f3n por el d\u00eda del Veterano y los Ca\u00eddos Ind\u00edgenas en la guerra de Malvinas, oportunidad en [&hellip;]<\/p>\n","protected":false},"author":1,"featured_media":25790,"comment_status":"closed","ping_status":"closed","sticky":false,"template":"","format":"standard","meta":{"footnotes":""},"categories":[6],"tags":[],"class_list":{"0":"post-25789","1":"post","2":"type-post","3":"status-publish","4":"format-standard","5":"has-post-thumbnail","7":"category-chaco"},"_links":{"self":[{"href":"https:\/\/chacosintesis.com.ar\/index.php\/wp-json\/wp\/v2\/posts\/25789","targetHints":{"allow":["GET"]}}],"collection":[{"href":"https:\/\/chacosintesis.com.ar\/index.php\/wp-json\/wp\/v2\/posts"}],"about":[{"href":"https:\/\/chacosintesis.com.ar\/index.php\/wp-json\/wp\/v2\/types\/post"}],"author":[{"embeddable":true,"href":"https:\/\/chacosintesis.com.ar\/index.php\/wp-json\/wp\/v2\/users\/1"}],"replies":[{"embeddable":true,"href":"https:\/\/chacosintesis.com.ar\/index.php\/wp-json\/wp\/v2\/comments?post=25789"}],"version-history":[{"count":0,"href":"https:\/\/chacosintesis.com.ar\/index.php\/wp-json\/wp\/v2\/posts\/25789\/revisions"}],"wp:featuredmedia":[{"embeddable":true,"href":"https:\/\/chacosintesis.com.ar\/index.php\/wp-json\/wp\/v2\/media\/25790"}],"wp:attachment":[{"href":"https:\/\/chacosintesis.com.ar\/index.php\/wp-json\/wp\/v2\/media?parent=25789"}],"wp:term":[{"taxonomy":"category","embeddable":true,"href":"https:\/\/chacosintesis.com.ar\/index.php\/wp-json\/wp\/v2\/categories?post=25789"},{"taxonomy":"post_tag","embeddable":true,"href":"https:\/\/chacosintesis.com.ar\/index.php\/wp-json\/wp\/v2\/tags?post=25789"}],"curies":[{"name":"wp","href":"https:\/\/api.w.org\/{rel}","templated":true}]}}