{"id":25787,"date":"2023-08-26T23:48:41","date_gmt":"2023-08-27T02:48:41","guid":{"rendered":"https:\/\/chacosintesis.com.ar\/?p=25787"},"modified":"2023-08-27T00:07:15","modified_gmt":"2023-08-27T03:07:15","slug":"mas-familias-chaquenas-acceden-al-sueno-de-la-casa-propia-2","status":"publish","type":"post","link":"https:\/\/chacosintesis.com.ar\/index.php\/mas-familias-chaquenas-acceden-al-sueno-de-la-casa-propia-2\/","title":{"rendered":"M\u00e1s familias chaque\u00f1as acceden al sue\u00f1o de la casa propia"},"content":{"rendered":"<div class=\"postie-post\">Se entregaron cinco viviendas en el barrio Mar\u00eda Inmaculada. \u201cNuestra gesti\u00f3n propicia a trav\u00e9s de estos programas de viviendas sociales la generaci\u00f3n de mano de obra chaque\u00f1a y que m\u00e1s familias cambien su vida para siempre accediendo al sue\u00f1o de la casa propia\u201d, dijo Capitanich.<br \/>\nEl gobernador Jorge Capitanich concret\u00f3 este s\u00e1bado la entrega de cinco nuevas viviendas construidas en el barrio Mar\u00eda Inmaculada. Las nuevas viviendas fueron construidas a trav\u00e9s del IAFEP Chaco junto con organizaciones sociales con el objetivo de garantizar el derecho al trabajo y a la vivienda digna para m\u00e1s familias chaque\u00f1as.<br \/>\nA trav\u00e9s de sus redes sociales, el gobernador Capitanich se\u00f1al\u00f3: \u201cEs una gran alegr\u00eda para nuestra gesti\u00f3n el poder propiciar la generaci\u00f3n de mano de obra chaque\u00f1a y que m\u00e1s familias cambien su vida para siempre accediendo al sue\u00f1o de la casa propia\u201d.<br \/>\nDe esta forma el Gobierno Provincial avanza con el plan de ejecuci\u00f3n de 5.000 viviendas sociales para familias chaque\u00f1as. Las unidades habitacionales se ejecutan a trav\u00e9s de diferentes operatorias articuladas con el Instituto de Agricultura Familiar y Econom\u00eda Popular (IAFEP) con trabajo de cooperativas, fundaciones, asociaciones civiles, organizaciones sociales y populares.<br \/>\n<<a href=\"http:\/\/www.avg.com\/email-signature?utm_medium=email&#038;utm_source=link&#038;utm_campaign=sig-email&#038;utm_content=webmail\">www.avg.com\/email-signature?utm_medium=email&amp;utm_source=link&amp;utm_campaign=sig-email&amp;utm_content=webmail<\/a>> Libre de virus.www.avg.com <<a href=\"http:\/\/www.avg.com\/email-signature?utm_medium=email&#038;utm_source=link&#038;utm_campaign=sig-email&#038;utm_content=webmail\">www.avg.com\/email-signature?utm_medium=email&amp;utm_source=link&amp;utm_campaign=sig-email&amp;utm_content=webmail<\/a>> <#DAB4FAD8-2DD7-40BB-A1B8-4E2AA1F9FDF2><\/div>\n","protected":false},"excerpt":{"rendered":"<p>Se entregaron cinco viviendas en el barrio Mar\u00eda Inmaculada. \u201cNuestra gesti\u00f3n propicia a trav\u00e9s de estos programas de viviendas sociales la generaci\u00f3n de mano de obra chaque\u00f1a y que m\u00e1s familias cambien su vida para siempre accediendo al sue\u00f1o de la casa propia\u201d, dijo Capitanich. El gobernador Jorge Capitanich concret\u00f3 este s\u00e1bado la entrega de [&hellip;]<\/p>\n","protected":false},"author":1,"featured_media":25788,"comment_status":"closed","ping_status":"closed","sticky":false,"template":"","format":"standard","meta":{"footnotes":""},"categories":[6],"tags":[],"class_list":{"0":"post-25787","1":"post","2":"type-post","3":"status-publish","4":"format-standard","5":"has-post-thumbnail","7":"category-chaco"},"_links":{"self":[{"href":"https:\/\/chacosintesis.com.ar\/index.php\/wp-json\/wp\/v2\/posts\/25787","targetHints":{"allow":["GET"]}}],"collection":[{"href":"https:\/\/chacosintesis.com.ar\/index.php\/wp-json\/wp\/v2\/posts"}],"about":[{"href":"https:\/\/chacosintesis.com.ar\/index.php\/wp-json\/wp\/v2\/types\/post"}],"author":[{"embeddable":true,"href":"https:\/\/chacosintesis.com.ar\/index.php\/wp-json\/wp\/v2\/users\/1"}],"replies":[{"embeddable":true,"href":"https:\/\/chacosintesis.com.ar\/index.php\/wp-json\/wp\/v2\/comments?post=25787"}],"version-history":[{"count":0,"href":"https:\/\/chacosintesis.com.ar\/index.php\/wp-json\/wp\/v2\/posts\/25787\/revisions"}],"wp:featuredmedia":[{"embeddable":true,"href":"https:\/\/chacosintesis.com.ar\/index.php\/wp-json\/wp\/v2\/media\/25788"}],"wp:attachment":[{"href":"https:\/\/chacosintesis.com.ar\/index.php\/wp-json\/wp\/v2\/media?parent=25787"}],"wp:term":[{"taxonomy":"category","embeddable":true,"href":"https:\/\/chacosintesis.com.ar\/index.php\/wp-json\/wp\/v2\/categories?post=25787"},{"taxonomy":"post_tag","embeddable":true,"href":"https:\/\/chacosintesis.com.ar\/index.php\/wp-json\/wp\/v2\/tags?post=25787"}],"curies":[{"name":"wp","href":"https:\/\/api.w.org\/{rel}","templated":true}]}}