{"id":25785,"date":"2023-08-26T23:47:45","date_gmt":"2023-08-27T02:47:45","guid":{"rendered":"https:\/\/chacosintesis.com.ar\/?p=25785"},"modified":"2023-08-27T00:07:08","modified_gmt":"2023-08-27T03:07:08","slug":"ninos-y-ninas-revalorizaron-sus-derechos-en-el-parlamento-infantil","status":"publish","type":"post","link":"https:\/\/chacosintesis.com.ar\/index.php\/ninos-y-ninas-revalorizaron-sus-derechos-en-el-parlamento-infantil\/","title":{"rendered":"Ni\u00f1os y ni\u00f1as revalorizaron sus derechos en el Parlamento Infantil"},"content":{"rendered":"<div class=\"postie-post\">Poniendo el eje del debate en los 40 a\u00f1os de democracia, cumplieron el rol de parlamentarios desde la C\u00e1mara de Diputados de la provincia, donde leyeron las conclusiones y eligieron a quienes representar\u00e1n al Chaco en el Parlamento Infantil Nacional.<br \/>\nEste viernes se llev\u00f3 a cabo la instancia provincial del Parlamento Infantil, que reuni\u00f3 a estudiantes de escuelas primarias de las localidades de Corzuela, Las Bre\u00f1as, Fontana, Barranqueras, General San Mart\u00edn, Samuh\u00fa, Misi\u00f3n Nueva Pompeya y Resistencia, elegidos en encuentros escolares. Durante la ma\u00f1ana debatieron en un sal\u00f3n del Colegio Don Bosco sobre distintos temas y problem\u00e1ticas actuales de la sociedad.<br \/>\nPor la siesta, 20 ni\u00f1os y ni\u00f1as, acompa\u00f1ados de sus docentes y algunos familiares, se trasladaron al recinto de la C\u00e1mara de Diputados del Chaco para vivir la experiencia: cumpliendo el rol de parlamentarios y parlamentarias leyeron los documentos finales sobre los temas tratados con sus respectivas propuestas.<br \/>\nLeyeron los documentos con las conclusiones y propuestas sobre: Medios Escolares, Ambiente, Educaci\u00f3n y Memoria, Acoso Escolar, Hospitalidad, Hostilidad, Cooperaci\u00f3n, G\u00e9nero, la ESI (Educaci\u00f3n Sexual Integral) y Empat\u00eda. Luego entre ellos se eligieron por votaci\u00f3n &#8220;a mano alzada&#8221; a los que representar\u00e1n al Chaco en el Parlamento Infantil Nacional, que organiza la Fundaci\u00f3n Fundal, pr\u00f3ximamente.<br \/>\nEl Ministerio de Educaci\u00f3n del Chaco lleva adelante el programa de Parlamento Infantil, a trav\u00e9s de la direcci\u00f3n de Participaci\u00f3n y Formaci\u00f3n Ciudadana, con el objetivo de propiciar la creaci\u00f3n de espacios participativos que les permiten a ni\u00f1os y ni\u00f1as desarrollar el sentido com\u00fan de pertenencia, incursionando en el conocimiento intuitivo de sus derechos y obligaciones como ciudadanos. Esta instancia se desarroll\u00f3 poniendo el eje en la conmemoraci\u00f3n de los 40 a\u00f1os de democracia.<br \/>\nEn el acto de apertura, la subsecretaria de Educaci\u00f3n, Ludmila Pellegrini, manifest\u00f3 que \u201cla formaci\u00f3n de ciudadan\u00edas cr\u00edticas hace que hoy los ni\u00f1os y ni\u00f1as est\u00e9n representando a sus escuelas de toda la provincia&#8221;. &#8220;Desde un Estado presente generamos estos encuentros y espacios con inversi\u00f3n educativa cuando se est\u00e1 discutiendo qu\u00e9 modelo de pa\u00eds queremos&#8221;, afirm\u00f3.<br \/>\nSe\u00f1al\u00f3 que &#8220;es necesario acompa\u00f1ar el proceso orientado hacia la democracia, el fortalecimiento de sus instituciones y la promoci\u00f3n de diversos mecanismos de participaci\u00f3n estudiantil, desde temprana edad\u201d<br \/>\nAsimismo, la directora del Nivel Primario, Nilda &#8220;Yuli&#8221; Sosa, destac\u00f3 que: \u201ceste espacio tan importante para el nivel Primario debe ser llevado adelante con mucha responsabilidad&#8221;. &#8220;Detr\u00e1s de todo estudiante parlamentario hay un docente que trabaja y se compromete buscando formar a los ni\u00f1os y a las ni\u00f1as integralmente, y darles las herramientas para la construcci\u00f3n de un buen ciudadano y ciudadana&#8221;, dijo.<br \/>\nAcompa\u00f1aron tambi\u00e9n esta jornada, el director general de Pol\u00edticas Socioeducativas e Igualdad de G\u00e9neros, Santiago S\u00e1nchez; el director de Inclusi\u00f3n Educativa, Mariano Revuelta; las directoras de las regionales 10 B, Anal\u00eda Flores, y 10 C, Gricelda Quiles; y los equipos t\u00e9cnicos pedag\u00f3gicos de la Direcci\u00f3n de Participaci\u00f3n y Formaci\u00f3n Ciudadana.<br \/>\n<<a href=\"http:\/\/www.avg.com\/email-signature?utm_medium=email&#038;utm_source=link&#038;utm_campaign=sig-email&#038;utm_content=webmail\">www.avg.com\/email-signature?utm_medium=email&amp;utm_source=link&amp;utm_campaign=sig-email&amp;utm_content=webmail<\/a>> Libre de virus.www.avg.com <<a href=\"http:\/\/www.avg.com\/email-signature?utm_medium=email&#038;utm_source=link&#038;utm_campaign=sig-email&#038;utm_content=webmail\">www.avg.com\/email-signature?utm_medium=email&amp;utm_source=link&amp;utm_campaign=sig-email&amp;utm_content=webmail<\/a>> <#DAB4FAD8-2DD7-40BB-A1B8-4E2AA1F9FDF2><\/div>\n","protected":false},"excerpt":{"rendered":"<p>Poniendo el eje del debate en los 40 a\u00f1os de democracia, cumplieron el rol de parlamentarios desde la C\u00e1mara de Diputados de la provincia, donde leyeron las conclusiones y eligieron a quienes representar\u00e1n al Chaco en el Parlamento Infantil Nacional. Este viernes se llev\u00f3 a cabo la instancia provincial del Parlamento Infantil, que reuni\u00f3 a [&hellip;]<\/p>\n","protected":false},"author":1,"featured_media":25786,"comment_status":"closed","ping_status":"closed","sticky":false,"template":"","format":"standard","meta":{"footnotes":""},"categories":[6],"tags":[],"class_list":{"0":"post-25785","1":"post","2":"type-post","3":"status-publish","4":"format-standard","5":"has-post-thumbnail","7":"category-chaco"},"_links":{"self":[{"href":"https:\/\/chacosintesis.com.ar\/index.php\/wp-json\/wp\/v2\/posts\/25785","targetHints":{"allow":["GET"]}}],"collection":[{"href":"https:\/\/chacosintesis.com.ar\/index.php\/wp-json\/wp\/v2\/posts"}],"about":[{"href":"https:\/\/chacosintesis.com.ar\/index.php\/wp-json\/wp\/v2\/types\/post"}],"author":[{"embeddable":true,"href":"https:\/\/chacosintesis.com.ar\/index.php\/wp-json\/wp\/v2\/users\/1"}],"replies":[{"embeddable":true,"href":"https:\/\/chacosintesis.com.ar\/index.php\/wp-json\/wp\/v2\/comments?post=25785"}],"version-history":[{"count":0,"href":"https:\/\/chacosintesis.com.ar\/index.php\/wp-json\/wp\/v2\/posts\/25785\/revisions"}],"wp:featuredmedia":[{"embeddable":true,"href":"https:\/\/chacosintesis.com.ar\/index.php\/wp-json\/wp\/v2\/media\/25786"}],"wp:attachment":[{"href":"https:\/\/chacosintesis.com.ar\/index.php\/wp-json\/wp\/v2\/media?parent=25785"}],"wp:term":[{"taxonomy":"category","embeddable":true,"href":"https:\/\/chacosintesis.com.ar\/index.php\/wp-json\/wp\/v2\/categories?post=25785"},{"taxonomy":"post_tag","embeddable":true,"href":"https:\/\/chacosintesis.com.ar\/index.php\/wp-json\/wp\/v2\/tags?post=25785"}],"curies":[{"name":"wp","href":"https:\/\/api.w.org\/{rel}","templated":true}]}}