{"id":25781,"date":"2023-08-26T23:44:34","date_gmt":"2023-08-27T02:44:34","guid":{"rendered":"https:\/\/chacosintesis.com.ar\/?p=25781"},"modified":"2023-08-27T00:06:55","modified_gmt":"2023-08-27T03:06:55","slug":"mas-obras-para-santa-sylvina-se-inauguraron-pavimento-remodelacion-de-la-plaza-y-se-sortearon-nuevas-viviendas","status":"publish","type":"post","link":"https:\/\/chacosintesis.com.ar\/index.php\/mas-obras-para-santa-sylvina-se-inauguraron-pavimento-remodelacion-de-la-plaza-y-se-sortearon-nuevas-viviendas\/","title":{"rendered":"M\u00e1s obras para Santa Sylvina: Se inauguraron pavimento, remodelaci\u00f3n de la plaza y se sortearon nuevas viviendas"},"content":{"rendered":"<div class=\"postie-post\">Con financiamiento del BID, a partir de un convenio con Vialidad provincial, y una inversi\u00f3n de m\u00e1s de $527 millones, el mandatario habilit\u00f3 32 nuevas cuadras pavimentadas, m\u00e1s la repavimentaci\u00f3n de otras 14, y el nuevo espacio p\u00fablico. Y adem\u00e1s de entregar una vivienda adaptada, sortearon otras 15, beneficiando a familias locales.<br \/>\nEl gobernador Jorge Capitanich inaugur\u00f3 este viernes en Santa Sylvina 32 nuevas cuadras de pavimento urbano con desag\u00fces pluviales, junto a la repavimentaci\u00f3n de otras 14 y la Plaza \u201cGaucho\u201d de esa localidad. Junto al presidente del Instituto Provincial de Desarrollo Urbano y Vivienda (IPDUV), Diego Ar\u00e9valo entreg\u00f3 una vivienda adaptada y concret\u00f3 el sorteo de otras 15 para familias locales.<br \/>\nAcompa\u00f1ado por la intendenta local, Susana Maggio, el mandatario destac\u00f3 que la pavimentaci\u00f3n \u201csignifica para Santa Sylvina tener la conectividad vial que merece y que permite a vecinos y vecinas mayor circulaci\u00f3n vial y mejor calidad de vida\u201d, aclarando adem\u00e1s que, sumadas a las que est\u00e1n en ejecuci\u00f3n, se alcanza un total de 55 cuadras entre pavimentadas y repavimentadas.<br \/>\n\u201cLa Rep\u00fablica Argentina, la provincia del Chaco y cada una de nuestras comunidades necesitan independientemente de las diferencias e independientemente de las elecciones seguir trabajando unidos para resolver los problemas que tenemos con nuestras comunidades\u201d, enfatiz\u00f3 el mandatario, repasando gran parte de las inversiones provinciales en salud, infraestructura educativa, electrificaci\u00f3n rural, etc. \u201ctodo genera una contribuci\u00f3n para el desarrollo de las comunidades\u201d, agreg\u00f3.<br \/>\nPor su parte, la intendenta Maggio agradeci\u00f3 al Gobierno provincial el sorteo de viviendas que \u201cdan la posibilidad de un techo digno y seguro para nuestras familias\u201d. Sobre el pavimento, destac\u00f3 las numerosas cuadras inauguradas que \u201cordenar\u00e1n la localidad y beneficiar\u00e1n a la comuna\u201d, sumadas a la plaza como espacio de disfrute para j\u00f3venes y familias. \u201cLas nuevas obras inauguradas son una fortaleza para Santa Sylvina, y entre todos vamos a disfrutarlas y cuidarlas\u201d, finaliz\u00f3.<\/p>\n<p>Mejorar la conectividad<\/p>\n<p>Con una inversi\u00f3n de $527.485.460,01, financiados a partir de un convenio entre el Banco Interamericano de Desarrollo (BID) y la Direcci\u00f3n de Vialidad Provincial (DVP). El proyecto incluy\u00f3 pavimentaci\u00f3n de distintos tramos de diferentes calles, con sus respectivas bocacalles, desag\u00fces pluviales, medidas de mitigaci\u00f3n, construcci\u00f3n de rampas para discapacitados, forestaci\u00f3n, construcci\u00f3n de veredas, colocaci\u00f3n de mobiliario urbano e iluminaci\u00f3n.<br \/>\nAcceso al techo digno<\/p>\n<p>Antes de inaugurar pavimento, Capitanich y el titular del IPDUV, Diego Ar\u00e9valo, realizaron el sorteo de 15 viviendas que est\u00e1n en etapa de finalizaci\u00f3n y entregaron una vivienda adaptada. Las viviendas, pr\u00f3ximas a habitar, demandaron una inversi\u00f3n cercana a los $600 millones, financiados a trav\u00e9s del Programa Nacional \u201cCasa Propia\u201d y el IPDUV, que aport\u00f3 recursos para obras de infraestructura, acceso a redes de agua, energ\u00eda, desag\u00fces, etc.<br \/>\n\u201cNos conmueven las l\u00e1grimas las familias que pueden acceder a una vivienda digna y nos conmueve tambi\u00e9n la necesidad de seguir invirtiendo\u201d, expres\u00f3 Capitanich, remarcando que la vivienda \u201cconstituye un derecho esencial y fundamental para muchas familias en la provincia y en el pa\u00eds\u201d.<br \/>\nEn tanto que Ar\u00e9valo manifest\u00f3: \u201cEstas obras representan seguridad para muchas familias y en especial, para aquellas que tienen alg\u00fan integrante con alguna discapacidad o enfermedad, por eso, estas entregas son un alivio para ellos y una forma m\u00e1s de acompa\u00f1ar que tenemos por parte del Estado y de esta forma, lograr una mejora en su calidad de vida\u201d.<br \/>\nRomina Aranda, beneficiada con la vivienda adaptada explic\u00f3: \u201cTengo dos hijos con distintas discapacidades y este espacio est\u00e1 en las condiciones que me piden los m\u00e9dicos para que pueda tenerlos ac\u00e1. Es una vivienda hermosa y es lo que necesitaba as\u00ed que estoy muy agradecida al Gobierno provincial\u201d.<br \/>\nPromover el encuentro y la actividad al aire libre<\/p>\n<p>Por otra parte, los trabajos de remodelaci\u00f3n y revalorizaci\u00f3n del espacio verde \u201cPlaza del Gaucho\u201d incluyeron el agregado de funciones de esparcimiento y descanso. Cuenta con: sector deportivo con circuito aer\u00f3bico perimetral, rodeando al reservorio, kits de gimnasia, para incentivar la actividad aer\u00f3bica; una pista de skate con play\u00f3n; tres plataformas de madera con visuales al espejo de agua; accesibilidad para personas con movilidad reducida; sector cultural (plaza seca con gradas y m\u00e1stil); iluminaci\u00f3n LED bajo consumo; mobiliario urbano; conductos recubiertos de desag\u00fce pluvial; se\u00f1alizaci\u00f3n vertical; vegetaci\u00f3n propia del lugar y de bajo mantenimiento.<br \/>\nParticiparon de las inauguraciones los diputados provinciales, Nicol\u00e1s Slimel y Atlanto Honcheruk; los vocales del IPDUV, Mirko Nicolich y Diego Brahim.<br \/>\n<<a href=\"http:\/\/www.avg.com\/email-signature?utm_medium=email&#038;utm_source=link&#038;utm_campaign=sig-email&#038;utm_content=webmail\">www.avg.com\/email-signature?utm_medium=email&amp;utm_source=link&amp;utm_campaign=sig-email&amp;utm_content=webmail<\/a>> Libre de virus.www.avg.com <<a href=\"http:\/\/www.avg.com\/email-signature?utm_medium=email&#038;utm_source=link&#038;utm_campaign=sig-email&#038;utm_content=webmail\">www.avg.com\/email-signature?utm_medium=email&amp;utm_source=link&amp;utm_campaign=sig-email&amp;utm_content=webmail<\/a>> <#DAB4FAD8-2DD7-40BB-A1B8-4E2AA1F9FDF2><\/div>\n","protected":false},"excerpt":{"rendered":"<p>Con financiamiento del BID, a partir de un convenio con Vialidad provincial, y una inversi\u00f3n de m\u00e1s de $527 millones, el mandatario habilit\u00f3 32 nuevas cuadras pavimentadas, m\u00e1s la repavimentaci\u00f3n de otras 14, y el nuevo espacio p\u00fablico. Y adem\u00e1s de entregar una vivienda adaptada, sortearon otras 15, beneficiando a familias locales. El gobernador Jorge [&hellip;]<\/p>\n","protected":false},"author":1,"featured_media":25782,"comment_status":"closed","ping_status":"closed","sticky":false,"template":"","format":"standard","meta":{"footnotes":""},"categories":[6],"tags":[],"class_list":{"0":"post-25781","1":"post","2":"type-post","3":"status-publish","4":"format-standard","5":"has-post-thumbnail","7":"category-chaco"},"_links":{"self":[{"href":"https:\/\/chacosintesis.com.ar\/index.php\/wp-json\/wp\/v2\/posts\/25781","targetHints":{"allow":["GET"]}}],"collection":[{"href":"https:\/\/chacosintesis.com.ar\/index.php\/wp-json\/wp\/v2\/posts"}],"about":[{"href":"https:\/\/chacosintesis.com.ar\/index.php\/wp-json\/wp\/v2\/types\/post"}],"author":[{"embeddable":true,"href":"https:\/\/chacosintesis.com.ar\/index.php\/wp-json\/wp\/v2\/users\/1"}],"replies":[{"embeddable":true,"href":"https:\/\/chacosintesis.com.ar\/index.php\/wp-json\/wp\/v2\/comments?post=25781"}],"version-history":[{"count":0,"href":"https:\/\/chacosintesis.com.ar\/index.php\/wp-json\/wp\/v2\/posts\/25781\/revisions"}],"wp:featuredmedia":[{"embeddable":true,"href":"https:\/\/chacosintesis.com.ar\/index.php\/wp-json\/wp\/v2\/media\/25782"}],"wp:attachment":[{"href":"https:\/\/chacosintesis.com.ar\/index.php\/wp-json\/wp\/v2\/media?parent=25781"}],"wp:term":[{"taxonomy":"category","embeddable":true,"href":"https:\/\/chacosintesis.com.ar\/index.php\/wp-json\/wp\/v2\/categories?post=25781"},{"taxonomy":"post_tag","embeddable":true,"href":"https:\/\/chacosintesis.com.ar\/index.php\/wp-json\/wp\/v2\/tags?post=25781"}],"curies":[{"name":"wp","href":"https:\/\/api.w.org\/{rel}","templated":true}]}}