{"id":25779,"date":"2023-08-26T15:19:17","date_gmt":"2023-08-26T18:19:17","guid":{"rendered":"https:\/\/chacosintesis.com.ar\/?p=25779"},"modified":"2023-08-26T15:36:54","modified_gmt":"2023-08-26T18:36:54","slug":"se-entregaron-15-motocargas-a-recicladores-urbanos-para-sustituir-la-traccion-a-sangre","status":"publish","type":"post","link":"https:\/\/chacosintesis.com.ar\/index.php\/se-entregaron-15-motocargas-a-recicladores-urbanos-para-sustituir-la-traccion-a-sangre\/","title":{"rendered":"Se entregaron 15 motocargas a recicladores urbanos para sustituir la tracci\u00f3n a sangre"},"content":{"rendered":"<div class=\"postie-post\">Se trata de una estrategia integral que pretende garantizar la protecci\u00f3n de los equinos, sacar de la informalidad laboral a los denominados &#8220;carreros&#8221; y contribuir con la econom\u00eda circular. &#8220;Iremos observando a trav\u00e9s del tiempo c\u00f3mo funciona y agregando mecanismos para que la sustituci\u00f3n sea plena, total y definitiva&#8221;, asegur\u00f3 Capitanich.<\/p>\n<p>El gobernador Jorge Capitanich entreg\u00f3 este s\u00e1bado 15 motocargas a recicladores urbanos del programa de Recuperaci\u00f3n, Reciclado y Servicios Ambientales, con el objetivo de sustituir progresivamente la tracci\u00f3n a sangre y promover la inclusi\u00f3n laboral de aquellos trabajadores y trabajadoras informales que se ocupan de la recolecci\u00f3n de residuos s\u00f3lidos urbanos.<br \/>\n&#8220;La posibilidad de sustituir la tracci\u00f3n a sangre por mec\u00e1nica permitir\u00e1 proteger y cuidar a los animales y propiciar m\u00e1s productividad, m\u00e1s rendimiento y rentabilidad. Iremos observando a trav\u00e9s del tiempo c\u00f3mo funciona y agregando mecanismos para que la sustituci\u00f3n sea plena, total y definitiva&#8221;, asegur\u00f3 el mandatario.<br \/>\nEsta pol\u00edtica inici\u00f3 a partir de los diversos encuentros que el gobernador mantuvo con los recicladores urbanos, popularmente conocidos como \u201ccarreros\u201d. En una instancia de diagn\u00f3stico se identificaron un total de 276 carros que circulan por Resistencia, para luego, en coordinaci\u00f3n con la Polic\u00eda Rural, promover el control sanitario de los equinos, asegurando su alimentaci\u00f3n y atenci\u00f3n veterinaria.<br \/>\nEl sistema incluye precisamente un trabajo activo de la Polic\u00eda Rural para cuidar a los equinos y cooperar con los centros terap\u00e9uticos de equinoterapia que favorecen la recuperaci\u00f3n de personas con trastornos, enfermedades o discapacidades.<br \/>\n\u201cEs un c\u00edrculo virtuoso que suma al cuidado y protecci\u00f3n de los animales y a la recuperaci\u00f3n y cuidado de las personas, as\u00ed que realmente es una soluci\u00f3n virtuosa. Es un trabajo digno y que requiere que el Estado pueda promover acciones para su desarrollo\u201d, sostuvo Capitanich.<br \/>\n El \u00e1rea metropolitana genera a diario 500 toneladas de residuos oleosos urbanos. De ese total, se estima una fracci\u00f3n reciclable cercana al 40%, pero actualmente s\u00f3lo se aprovecha cerca del 1% de los residuos reciclables.<br \/>\nAdquiriendo equipamiento de trabajo, sustituyendo la tracci\u00f3n a sangre, se podr\u00e1 aumentar la capacidad de carga a 500 kilos con el objetivo de llegar al 20% de recuperaci\u00f3n, aumentando tambi\u00e9n la productividad por viaje, mejorando los niveles de circulaci\u00f3n vial y reduciendo el riesgo de siniestralidad.<br \/>\nLas motocargas son adquiridas por Fiduciaria del Norte y luego el ministerio de Desarrollo Social, junto al ministerio de Ambiente y Desarrollo Territorial Sostenible y al Instituto de Agricultura Familiar y Econom\u00eda Popular (IAFEP), determina los beneficiarios siempre que re\u00fanan las condiciones de vulnerabilidad social y econ\u00f3mica que impidan la adquisici\u00f3n de este medio por si? mismos, que cuenten con la documentaci\u00f3n legal exigida y que est\u00e9n dispuestos a entregar el equipo para su cuidado y recuperaci\u00f3n, sustituyendo definitivamente la tracci\u00f3n a sangre.<br \/>\nLa ministra de Desarrollo Social, P\u00eda Chiacchio Cavana, expres\u00f3 que es \u201cgratificante avanzar en este proceso y en este camino de reconocimiento de derechos\u201d. \u201cEsta pol\u00edtica naci\u00f3 de la mano del gobernador, que nos pidi\u00f3 que iniciemos un relevamiento, que vayamos casa por casa y que veamos cu\u00e1les eran sus condiciones de vida, pero tambi\u00e9n nos hab\u00eda pedido que analicemos para qu\u00e9 se ocupaba el caballo con la carrocer\u00eda\u201d, coment\u00f3.<br \/>\n\u201cCuando empezamos a hacer ese trabajo nos dimos cuenta de que obviamente era un medio de vida y de transporte, pero fundamentalmente un medio de trabajo\u201d, indic\u00f3 la funcionaria. Por eso, durante el proceso de recambio se les brind\u00f3 acompa\u00f1amiento a los trabajadores y trabajadoras para que pudieran ser contribuyentes monotributistas.<br \/>\n\u201cLo hicimos con el convencimiento de que no queremos que en nuestra provincia existan animales maltratados pero tampoco trabajadores excluidos y por eso entendemos que debemos atravesar este camino con una mirada integral\u201d, sostuvo P\u00eda Chiacchio Cavana, acompa\u00f1ada tambi\u00e9n por el ministro de Planificaci\u00f3n, Econom\u00eda e Infraestructura, Santiago P\u00e9rez Pons, y por el titular del IAFEP, Mauricio Andi\u00f3n.<br \/>\nEn la oportunidad, tambi\u00e9n se entregaron equipos de trabajo como guantes, pecheras, barbijos y botas. Cada motocarga viene provista de su casco y los insumos necesarios para trabajar. Las mismas, fueron provistas por la empresa Mu\u00f1oz Marchesi, la que adem\u00e1s capacitar\u00e1 a los beneficiarios para su utilizaci\u00f3n.<\/p><\/div>\n","protected":false},"excerpt":{"rendered":"<p>Se trata de una estrategia integral que pretende garantizar la protecci\u00f3n de los equinos, sacar de la informalidad laboral a los denominados &#8220;carreros&#8221; y contribuir con la econom\u00eda circular. &#8220;Iremos observando a trav\u00e9s del tiempo c\u00f3mo funciona y agregando mecanismos para que la sustituci\u00f3n sea plena, total y definitiva&#8221;, asegur\u00f3 Capitanich. El gobernador Jorge Capitanich [&hellip;]<\/p>\n","protected":false},"author":1,"featured_media":25780,"comment_status":"closed","ping_status":"closed","sticky":false,"template":"","format":"standard","meta":{"footnotes":""},"categories":[6],"tags":[],"class_list":{"0":"post-25779","1":"post","2":"type-post","3":"status-publish","4":"format-standard","5":"has-post-thumbnail","7":"category-chaco"},"_links":{"self":[{"href":"https:\/\/chacosintesis.com.ar\/index.php\/wp-json\/wp\/v2\/posts\/25779","targetHints":{"allow":["GET"]}}],"collection":[{"href":"https:\/\/chacosintesis.com.ar\/index.php\/wp-json\/wp\/v2\/posts"}],"about":[{"href":"https:\/\/chacosintesis.com.ar\/index.php\/wp-json\/wp\/v2\/types\/post"}],"author":[{"embeddable":true,"href":"https:\/\/chacosintesis.com.ar\/index.php\/wp-json\/wp\/v2\/users\/1"}],"replies":[{"embeddable":true,"href":"https:\/\/chacosintesis.com.ar\/index.php\/wp-json\/wp\/v2\/comments?post=25779"}],"version-history":[{"count":0,"href":"https:\/\/chacosintesis.com.ar\/index.php\/wp-json\/wp\/v2\/posts\/25779\/revisions"}],"wp:featuredmedia":[{"embeddable":true,"href":"https:\/\/chacosintesis.com.ar\/index.php\/wp-json\/wp\/v2\/media\/25780"}],"wp:attachment":[{"href":"https:\/\/chacosintesis.com.ar\/index.php\/wp-json\/wp\/v2\/media?parent=25779"}],"wp:term":[{"taxonomy":"category","embeddable":true,"href":"https:\/\/chacosintesis.com.ar\/index.php\/wp-json\/wp\/v2\/categories?post=25779"},{"taxonomy":"post_tag","embeddable":true,"href":"https:\/\/chacosintesis.com.ar\/index.php\/wp-json\/wp\/v2\/tags?post=25779"}],"curies":[{"name":"wp","href":"https:\/\/api.w.org\/{rel}","templated":true}]}}