{"id":25773,"date":"2023-08-26T14:40:48","date_gmt":"2023-08-26T17:40:48","guid":{"rendered":"https:\/\/chacosintesis.com.ar\/?p=25773"},"modified":"2023-08-26T14:42:16","modified_gmt":"2023-08-26T17:42:16","slug":"juntos-por-el-cambio-capitanich-es-el-responsable-de-garantizar-la-paz-social-en-el-chaco","status":"publish","type":"post","link":"https:\/\/chacosintesis.com.ar\/index.php\/juntos-por-el-cambio-capitanich-es-el-responsable-de-garantizar-la-paz-social-en-el-chaco\/","title":{"rendered":"Juntos por el Cambio: &#8220;Capitanich es el responsable de garantizar la paz social en el Chaco&#8221;"},"content":{"rendered":"<div class=\"postie-post\">Desde Juntos por el Cambio, Chaco Cambia, expresamos nuestro m\u00e1s en\u00e9rgico repudio y profunda preocupaci\u00f3n por la violencia ejercida contra la Intendente de Santa Sylvina, Susana Maggio, en un acto protocolar, en la entrega de viviendas que se realiz\u00f3 ayer en esa localidad. Nuestra solidaridad y apoyo con la Intendente Maggio quien asisti\u00f3 a este evento en representaci\u00f3n de sus vecinos, recibiendo agresiones f\u00edsicas en presencia del gobernador, por parte de sus adherentes.<\/p>\n<p> Observamos la inacci\u00f3n de Capitanich, ante estos episodios deleznables. Su responsabilidad es indelegable y su funci\u00f3n es mantener la paz social en nuestra provincia, para preservar la convivencia pac\u00edfica en Democracia.<\/p>\n<p> Basta de violencia en nuestra provincia, que son permanentes y generan incertidumbre. El Chaco fue noticia por la desaparici\u00f3n y muerte de CECILIA, usted Sr. Gobernador, junto a sus aliados piqueteros y el Clan Sena generaron un estado paralelo, con cifras millonarias que usaban a sus antojos y durante 16 a\u00f1os gozaron de impunidad, teniendo de rehenes a los ciudadanos honestos del Chaco que somos v\u00edctimas de su accionar, sin poder transitar y trabajar.  Nuestro compromiso a 40 a\u00f1os ininterrumpidos de Democracia, es repudiar cualquier acto de violencia pol\u00edtica, que atente contra la soberan\u00eda democr\u00e1tica del pueblo y las instituciones de la Rep\u00fablica.<\/p>\n<p> No queremos M\u00e1s el Chaco del apriete, del pensamiento \u00fanico,  de quienes se creen por encima del resto, nosotros queremos una provincia,  en libertad, con paz, unidad y desarrollo- concluyeron.<\/p><\/div>\n","protected":false},"excerpt":{"rendered":"<p>Desde Juntos por el Cambio, Chaco Cambia, expresamos nuestro m\u00e1s en\u00e9rgico repudio y profunda preocupaci\u00f3n por la violencia ejercida contra la Intendente de Santa Sylvina, Susana Maggio, en un acto protocolar, en la entrega de viviendas que se realiz\u00f3 ayer en esa localidad. Nuestra solidaridad y apoyo con la Intendente Maggio quien asisti\u00f3 a este [&hellip;]<\/p>\n","protected":false},"author":1,"featured_media":25774,"comment_status":"closed","ping_status":"closed","sticky":false,"template":"","format":"standard","meta":{"footnotes":""},"categories":[6],"tags":[],"class_list":{"0":"post-25773","1":"post","2":"type-post","3":"status-publish","4":"format-standard","5":"has-post-thumbnail","7":"category-chaco"},"_links":{"self":[{"href":"https:\/\/chacosintesis.com.ar\/index.php\/wp-json\/wp\/v2\/posts\/25773","targetHints":{"allow":["GET"]}}],"collection":[{"href":"https:\/\/chacosintesis.com.ar\/index.php\/wp-json\/wp\/v2\/posts"}],"about":[{"href":"https:\/\/chacosintesis.com.ar\/index.php\/wp-json\/wp\/v2\/types\/post"}],"author":[{"embeddable":true,"href":"https:\/\/chacosintesis.com.ar\/index.php\/wp-json\/wp\/v2\/users\/1"}],"replies":[{"embeddable":true,"href":"https:\/\/chacosintesis.com.ar\/index.php\/wp-json\/wp\/v2\/comments?post=25773"}],"version-history":[{"count":0,"href":"https:\/\/chacosintesis.com.ar\/index.php\/wp-json\/wp\/v2\/posts\/25773\/revisions"}],"wp:featuredmedia":[{"embeddable":true,"href":"https:\/\/chacosintesis.com.ar\/index.php\/wp-json\/wp\/v2\/media\/25774"}],"wp:attachment":[{"href":"https:\/\/chacosintesis.com.ar\/index.php\/wp-json\/wp\/v2\/media?parent=25773"}],"wp:term":[{"taxonomy":"category","embeddable":true,"href":"https:\/\/chacosintesis.com.ar\/index.php\/wp-json\/wp\/v2\/categories?post=25773"},{"taxonomy":"post_tag","embeddable":true,"href":"https:\/\/chacosintesis.com.ar\/index.php\/wp-json\/wp\/v2\/tags?post=25773"}],"curies":[{"name":"wp","href":"https:\/\/api.w.org\/{rel}","templated":true}]}}