{"id":25767,"date":"2023-08-25T18:52:38","date_gmt":"2023-08-25T21:52:38","guid":{"rendered":"https:\/\/chacosintesis.com.ar\/?p=25767"},"modified":"2023-08-25T19:06:46","modified_gmt":"2023-08-25T22:06:46","slug":"las-principales-acciones-que-contempla-el-programa-de-gobierno-para-el-chaco-del-futuro","status":"publish","type":"post","link":"https:\/\/chacosintesis.com.ar\/index.php\/las-principales-acciones-que-contempla-el-programa-de-gobierno-para-el-chaco-del-futuro\/","title":{"rendered":"Las principales acciones que contempla el programa de gobierno para el Chaco del futuro"},"content":{"rendered":"<div class=\"postie-post\">Algunos de los puntos m\u00e1s salientes de la propuesta son los 200.000 empleos formales, 20.000 viviendas, 1500 millones de d\u00f3lares en exportaciones y una tasa anual de crecimiento del 5%. &#8220;Se trata de un conjunto de pol\u00edticas p\u00fablicas para profundizar lo que venimos haciendo y transformar la vida de la gente&#8221;, apunt\u00f3 el gobernador.<br \/>\nEl gobernador Jorge Capitanich present\u00f3 hoy, en Villa \u00c1ngela, el programa de gobierno para el per\u00edodo 2023-2027, un plan con acciones precisas para transformar la provincia en materia de producci\u00f3n y empleo, inclusi\u00f3n y equidad social, de cara a los pr\u00f3ximos a\u00f1os. Entre los objetivos m\u00e1s relevantes, propone 200.000 empleos privados formales, 20.000 viviendas urbanas y rurales, 50.000 t\u00edtulos de propiedad, una tasa de crecimiento acumulativo anual del 5 por ciento y 1.500 millones de d\u00f3lares en exportaciones.<br \/>\n\u201cSe trata de un conjunto de pol\u00edticas p\u00fablicas para profundizar lo que venimos haciendo y transformar la vida de la gente\u201d, apunt\u00f3 el gobernador, quien estuvo acompa\u00f1ado por el intendente Adalberto Papp. Dijo adem\u00e1s que el plan establece obras concretas, con un claro proceso y enfoque de c\u00f3mo desarrollar la estrategia de crecimiento. \u201cEsto se basa en un profundo conocimiento del territorio y los problemas de nuestra provincia; son proyectos concretos para transformar la realidad\u201d, remarc\u00f3.<br \/>\nEntre otros objetivos, el plan tambi\u00e9n prev\u00e9 llegar a cinco millones de cabezas de ganado menor y mayor, entre 2,5 y 3 millones de hect\u00e1reas de superficie sembradas y producir entre 8 y 10 toneladas de cereales, oleaginosas y otros cultivos. Para ello, el plan se basa en cuatro vectores de los cuales se desprenden objetivos concretos: Econom\u00eda productiva, econom\u00eda ambiental y circular, econom\u00eda del conocimiento y econom\u00eda energ\u00e9tica.<\/p>\n<p>Los dos primeros vectores<\/p>\n<p>En cuanto al primer vector, Chaco cuenta con 20 cadenas de valor que se pretende promover para dinamizar la generaci\u00f3n de empleo con un promedio de 10.000 empleos por cada cadena, 200.000 en total. Citando el desarrollo de cada una de las cadenas, el gobernador indic\u00f3 que Chaco tiene m\u00e1s de 60 historias exitosas de productores y emprendedores que producen bienes y servicios con alto valor agregado. \u201cNuestro objetivo es desarrollar las cadenas de valor y para ello es necesario fortalecer un Fondo de Desarrollo Industrial que pretendemos llegue a 20.000 millones de pesos en los pr\u00f3ximos cinco a\u00f1os\u201d, detall\u00f3 el mandatario.<br \/>\nDicha iniciativa implica desde fondos de garant\u00eda hasta financiamiento para emprendimientos de base industrial que permitan expandir la producci\u00f3n y el empleo. Como ejemplo cit\u00f3 el programa proyectado para distintas cadenas, como la textil y dijo que en siembra de algod\u00f3n se pretende llegar a 350.000 hect\u00e1reas sembradas, manteniendo el liderazgo de la provincia respecto a ese cultivo. \u201cAdem\u00e1s, el gran sue\u00f1o chaque\u00f1o es integrar todo el proceso productivo, desde el algod\u00f3n hasta la prenda de vestir; cosechar algod\u00f3n y sembrar moda. Lo vamos a hacer\u201d, apunt\u00f3.<br \/>\nTambi\u00e9n hizo hincapi\u00e9 en la cadena foresto-industrial en la que Chaco lidera la producci\u00f3n de carb\u00f3n vegetal y la cadena c\u00e1rnica-bovina, en la cual se pretende pasar de 2,6 millones de cabezas a 3,5 millones. Sobre la cadena av\u00edcola, indic\u00f3 que pretende integrar la cadena con 45 granjas y generar un frigor\u00edfico que procese toda la producci\u00f3n av\u00edcola. Tambi\u00e9n se pretende lograr producci\u00f3n frigor\u00edfica de base exportadora con aprovechamiento de subproductos en lo que respecta a cadena caprina. \u201cChaco es una fuerza productiva permanente, pero para eso necesitamos continuidad en las pol\u00edticas p\u00fablicas\u201d, apunt\u00f3.<br \/>\nOtro dato relevante es que la Provincia tiene 236 proyectos de promoci\u00f3n industrial y llegar\u00e1 a 321 promocionados, lo que se traduce en m\u00e1s empleo.<br \/>\nEl segundo vector que mencion\u00f3 es la econom\u00eda ambiental y circular que tiene que ver con el aprovechamiento de los residuos s\u00f3lidos urbanos y la emisi\u00f3n de activos de base digital para la protecci\u00f3n del ambiente, entre otros puntos.<br \/>\n\u201cProducimos 1200 toneladas de residuos y procesamos solo el 1%, tenemos que llegar a procesar el 37% y para eso necesitamos empresas que trabajen en el procesamiento de los residuos y lograr su comercializaci\u00f3n para generar m\u00e1s empleo\u201d, precis\u00f3. Tambi\u00e9n destac\u00f3 la emisi\u00f3n de activos de base digital para la garantizar la protecci\u00f3n del ambiente porque Chaco es acreedor ambiental. \u201cEl ox\u00edgeno que respira el mundo se produce en parte en nuestra superficie boscosa; debemos potenciar esto\u201d, dijo<br \/>\nEstuvieron presentes durante la presentaci\u00f3n, el vicepresidente del Instituto de Turismo del Chaco, Mauro Flores; la jefa del Distrito Chaco de Vialidad Nacional, Alejandra Vilela; el vicepresidente del Instituto Agricultura Familiar y Econom\u00eda Popular (I.AF.E.P.), Osvaldo Chiaramonte; el diputado provincial, Nicol\u00e1s Slimel; la diputada nacional, Mar\u00eda Luisa Chomiak.<\/p>\n<p>Econom\u00eda del conocimiento y energ\u00e9tica<\/p>\n<p>El tercer vector tiene que ver con la econom\u00eda del conocimiento, internet de las cosas, inteligencia artificial y rob\u00f3tica. Chaco tiene un informatorio con 10.000 personas, de las cuales 3.700 ya ingresaron al mercado laboral, adem\u00e1s tiene Polos Tecnol\u00f3gicos con 1.600 trabajadores y cuenta con la empresa Globant que produce y exporta software desde Chaco. \u201cTenemos una enorme potencialidad en econom\u00eda del conocimiento\u201d, afirm\u00f3.<br \/>\nEl cuarto vector, econom\u00eda energ\u00e9tica, tiene que ver con importantes obras como la de energ\u00eda solar que se ejecuta actualmente con una inversi\u00f3n de 130 millones de d\u00f3lares y constituye el tercer proyecto energ\u00e9tico solar m\u00e1s importante del pa\u00eds. Biomasa, biocombustible y la posibilidad de una central termoel\u00e9ctrica para producir energ\u00eda en Chaco para transportar al Noroeste argentino con una inversi\u00f3n que podr\u00eda llegar a 250 millones d\u00f3lares.<br \/>\n\u201cChaco es una fuente de producci\u00f3n energ\u00e9tica\u201d, asegur\u00f3 y destac\u00f3 la ejecuci\u00f3n de obras de media y alta tensi\u00f3n por 1.800 millones de d\u00f3lares, adem\u00e1s del anillado del Sudoeste y la doble terna Villa \u00c1ngela-San Bernardo.<\/p>\n<p>La gesti\u00f3n en n\u00fameros<\/p>\n<p>Citando algunos de los principales logros de sus distintos mandatos, el gobernador cit\u00f3 que, con los contratos de obra en ejecuci\u00f3n, Chaco llegar\u00e1 a 3.000 kil\u00f3metros de ruta, de los cuales 1.000 son rutas nacionales y el resto provinciales. Adem\u00e1s, en El Impenetrable se ejecutar\u00e1n 272 kil\u00f3metros, de los cuales 200 est\u00e1n en ejecuci\u00f3n. \u201cEs un logro realmente extraordinario\u201d, dijo.<br \/>\nEn otro orden de cosas, precis\u00f3 que los cuatro vectores principales que desde 2008 generaron una tasa de crecimiento econ\u00f3mico en la provincia fueron las transferencias sociales directas, la transformaci\u00f3n de la matriz agropecuaria, el desarrollo de base industrial y la industria de la construcci\u00f3n.<br \/>\nSobre el crecimiento de la capacidad productiva, mencion\u00f3 el aumento de 808.000 hect\u00e1reas de superficie sembrada a m\u00e1s de un mill\u00f3n de hect\u00e1reas en los \u00faltimos a\u00f1os, como as\u00ed tambi\u00e9n el incremento de la producci\u00f3n de 1.4 millones de toneladas a entre 4 y 5 millones de toneladas en la actualidad.<br \/>\nEn cuanto a las transferencias sociales directas, precis\u00f3: \u201cEn 2007 ten\u00edamos 19 casos de personas con discapacidad que recib\u00edan la pensi\u00f3n; en agosto de este a\u00f1o, alcanzamos con este derecho a cien mil personas\u201d. En la misma l\u00ednea, mencion\u00f3 a las 233.000 personas que perciben las jubilaciones anticipadas y la asignaci\u00f3n universal por hijo, con cerca de 174.000 beneficiarios.<br \/>\nEn n\u00fameros, precis\u00f3 el gobernador, significa el ingreso a la provincia en agosto de 28.500 millones de pesos por seguridad social. Mencion\u00f3 adem\u00e1s que la masa salarial del sector p\u00fablico alcanza actualmente los 27 mil millones de pesos. \u201cLas transferencias sociales directas son un motor de inclusi\u00f3n social y potenciaci\u00f3n del consumo, causan aumento de la demanda, crecimiento de la econom\u00eda, el aumento del empleo, que provoca a su vez m\u00e1s ingresos, m\u00e1s consumo y mayor demanda de bienes y servicios\u201d, expres\u00f3 el mandatario.<br \/>\nTambi\u00e9n hizo hincapi\u00e9 en la expansi\u00f3n del empleo con potenciaci\u00f3n de la actividad econ\u00f3mica privada, garantizando una administraci\u00f3n eficaz y eficiente de los recursos. Mientras que, en materia de infraestructura social, precis\u00f3: \u201cQueremos llegar a 649 barrios populares para urbanizarlos, con viviendas, veredas, energ\u00eda el\u00e9ctrica y t\u00edtulos de propiedad, un plan de urbanizaci\u00f3n consistente y s\u00f3lido\u201d. Agreg\u00f3 que este plan de urbanizaci\u00f3n deber\u00e1 considerar obras de infraestructura de servicios b\u00e1sicos como educaci\u00f3n, salud, justicia, y espacios p\u00fablicos, en un presupuesto que prev\u00e9 una inversi\u00f3n superior a los mil millones de pesos.<br \/>\nInsisti\u00f3 en que el acceso a la vivienda es parte principal del plan de gesti\u00f3n en los pr\u00f3ximos a\u00f1os: \u201cEn nuestros periodos logramos cerca de 75.000 soluciones habitacionales, pero hay que hacer m\u00e1s, por eso hacemos el m\u00e1ximo esfuerzo a trav\u00e9s del Banco del Chaco y operatorias de fideicomiso. El lunes estamos lanzando un plan para el acceso a la vivienda digna de empleados estatales por un fondo equivalente a 3.000 millones de pesos por a\u00f1o\u201d, expres\u00f3 el gobernador.<\/p>\n<p>El Chaco del futuro<\/p>\n<p>El intendente Adalberto Papp, quien acompa\u00f1\u00f3 a Capitanich en la presentaci\u00f3n, asegur\u00f3 que el Gobernador \u201cpresent\u00f3 el Chaco del Futuro\u201d, destacando la proactividad, el trabajo incansable y la experiencia del mandatario.<br \/>\n\u201cEn Villa \u00c1ngela y la regi\u00f3n apoyamos todo lo que sea mejorar nuestra calidad de vida\u201d, ratific\u00f3. \u201cSe trata de una zona muy productiva, con un capital humano extraordinario\u201d, se\u00f1al\u00f3, haciendo referencia a un \u201ccrecimiento exponencial\u201d y destacando la \u201cinversi\u00f3n hist\u00f3rica\u201d en pavimento y maquinaria vial.<\/p>\n<p><<a href=\"http:\/\/www.avg.com\/email-signature?utm_medium=email&#038;utm_source=link&#038;utm_campaign=sig-email&#038;utm_content=webmail\">www.avg.com\/email-signature?utm_medium=email&amp;utm_source=link&amp;utm_campaign=sig-email&amp;utm_content=webmail<\/a>> Libre de virus.www.avg.com <<a href=\"http:\/\/www.avg.com\/email-signature?utm_medium=email&#038;utm_source=link&#038;utm_campaign=sig-email&#038;utm_content=webmail\">www.avg.com\/email-signature?utm_medium=email&amp;utm_source=link&amp;utm_campaign=sig-email&amp;utm_content=webmail<\/a>> <#DAB4FAD8-2DD7-40BB-A1B8-4E2AA1F9FDF2><\/div>\n","protected":false},"excerpt":{"rendered":"<p>Algunos de los puntos m\u00e1s salientes de la propuesta son los 200.000 empleos formales, 20.000 viviendas, 1500 millones de d\u00f3lares en exportaciones y una tasa anual de crecimiento del 5%. &#8220;Se trata de un conjunto de pol\u00edticas p\u00fablicas para profundizar lo que venimos haciendo y transformar la vida de la gente&#8221;, apunt\u00f3 el gobernador. El [&hellip;]<\/p>\n","protected":false},"author":1,"featured_media":25768,"comment_status":"closed","ping_status":"closed","sticky":false,"template":"","format":"standard","meta":{"footnotes":""},"categories":[6],"tags":[],"class_list":{"0":"post-25767","1":"post","2":"type-post","3":"status-publish","4":"format-standard","5":"has-post-thumbnail","7":"category-chaco"},"_links":{"self":[{"href":"https:\/\/chacosintesis.com.ar\/index.php\/wp-json\/wp\/v2\/posts\/25767","targetHints":{"allow":["GET"]}}],"collection":[{"href":"https:\/\/chacosintesis.com.ar\/index.php\/wp-json\/wp\/v2\/posts"}],"about":[{"href":"https:\/\/chacosintesis.com.ar\/index.php\/wp-json\/wp\/v2\/types\/post"}],"author":[{"embeddable":true,"href":"https:\/\/chacosintesis.com.ar\/index.php\/wp-json\/wp\/v2\/users\/1"}],"replies":[{"embeddable":true,"href":"https:\/\/chacosintesis.com.ar\/index.php\/wp-json\/wp\/v2\/comments?post=25767"}],"version-history":[{"count":0,"href":"https:\/\/chacosintesis.com.ar\/index.php\/wp-json\/wp\/v2\/posts\/25767\/revisions"}],"wp:featuredmedia":[{"embeddable":true,"href":"https:\/\/chacosintesis.com.ar\/index.php\/wp-json\/wp\/v2\/media\/25768"}],"wp:attachment":[{"href":"https:\/\/chacosintesis.com.ar\/index.php\/wp-json\/wp\/v2\/media?parent=25767"}],"wp:term":[{"taxonomy":"category","embeddable":true,"href":"https:\/\/chacosintesis.com.ar\/index.php\/wp-json\/wp\/v2\/categories?post=25767"},{"taxonomy":"post_tag","embeddable":true,"href":"https:\/\/chacosintesis.com.ar\/index.php\/wp-json\/wp\/v2\/tags?post=25767"}],"curies":[{"name":"wp","href":"https:\/\/api.w.org\/{rel}","templated":true}]}}