{"id":25763,"date":"2023-08-25T16:47:04","date_gmt":"2023-08-25T19:47:04","guid":{"rendered":"https:\/\/chacosintesis.com.ar\/?p=25763"},"modified":"2023-08-25T17:06:51","modified_gmt":"2023-08-25T20:06:51","slug":"samuhu-cuenta-con-nuevo-sistema-de-provision-de-agua-potable","status":"publish","type":"post","link":"https:\/\/chacosintesis.com.ar\/index.php\/samuhu-cuenta-con-nuevo-sistema-de-provision-de-agua-potable\/","title":{"rendered":"Samuh\u00fa cuenta con nuevo sistema de provisi\u00f3n de agua potable"},"content":{"rendered":"<div class=\"postie-post\">Ahora, el 96% de la localidad se encuentra conectada a la red. Para ello se construy\u00f3 una cisterna de hormig\u00f3n, una planta potabilizadora y 17 kil\u00f3metros de ca\u00f1er\u00edas.<br \/>\nEl gobernador Jorge Capitanich inaugur\u00f3 este viernes 17 kil\u00f3metros de red domiciliaria para la provisi\u00f3n de agua potable en Samuh\u00fa. La obra, que requiri\u00f3 una inversi\u00f3n de $239.742.696, llegar\u00e1 a 3.200 habitantes entre zonas urbanas y rurales.<br \/>\nDe esta manera, el 96% de la localidad ya cuenta con red de agua potable que se distribuye a trav\u00e9s de 315 nuevas conexiones. Durante la jornada, el gobernador entreg\u00f3 tambi\u00e9n una retroexcavadora que implic\u00f3 una inversi\u00f3n de $21.900.000, y destac\u00f3 la inauguraci\u00f3n teniendo en cuenta la crisis h\u00eddrica m\u00e1s significativa que sufri\u00f3 la localidad en toda su historia.<br \/>\n\u201cCuando nosotros asumimos la primera administraci\u00f3n, Samuh\u00fa no ten\u00eda nada de lo que hoy tiene. Todo lo que se hizo y todo lo que se hace aqu\u00ed tiene que ver con la impronta y el trabajo conjunto que hemos hecho con Patricia en todo este tiempo para garantizar derechos\u201d, asegur\u00f3 Capitanich.<br \/>\nLa obra consisti\u00f3 en la construcci\u00f3n de una cisterna de hormig\u00f3n con capacidad de 100.000 litros, una planta potabilizadora compacta de 13 toneladas con capacidad de tratamiento de 30.000 litros por hora y 17 kil\u00f3metros de ca\u00f1er\u00edas en total. Adem\u00e1s, tiene acoplado un tanque de ocho mil litros que distribuir\u00e1 el agua potable a parajes aleda\u00f1os que dependen del municipio.<br \/>\nPor su parte, el titular de la Administraci\u00f3n Provincial de Agua (APA), Daniel Pegoraro, record\u00f3 que su primer paso por la localidad fue para mejorar el ingreso de agua a las represas que hoy est\u00e1n a la par de la planta potabilizadora. \u201cLa obra est\u00e1 al 100% esperando por las lluvias, dado que venimos atravesando un per\u00edodo muy largo de sequ\u00edas que nos ha dejado, despu\u00e9s de 30 a\u00f1os, con los reservorios realmente sin una gota de agua&#8221;, se\u00f1al\u00f3.<br \/>\nLa intendenta Patricia Lezcano indic\u00f3 que la obra que llev\u00f3 adelante el Ente Nacional de Obras H\u00eddricas de Saneamiento (ENOHSA), &#8220;es una obra muy importante que se ha podido lograr en los peores tiempos econ\u00f3micos&#8221;. &#8220;Por eso es que la valoramos enormemente&#8221;, afirm\u00f3, acompa\u00f1ada adem\u00e1s por el intendente de Charadai, Eladio Aguirre.<br \/>\nA ra\u00edz de la sequ\u00eda, Samuh\u00fa procesaba el agua con una planta port\u00e1til. &#8220;Estuvimos limpiando las represas, estuvimos acondicionando el acceso al canal, as\u00ed que una vez que tengamos agua en las represas, ah\u00ed estar\u00edamos poniendo en marcha la planta&#8221;, explic\u00f3 la jefa comunal.<br \/>\n<<a href=\"http:\/\/www.avg.com\/email-signature?utm_medium=email&#038;utm_source=link&#038;utm_campaign=sig-email&#038;utm_content=webmail\">www.avg.com\/email-signature?utm_medium=email&amp;utm_source=link&amp;utm_campaign=sig-email&amp;utm_content=webmail<\/a>> Libre de virus.www.avg.com <<a href=\"http:\/\/www.avg.com\/email-signature?utm_medium=email&#038;utm_source=link&#038;utm_campaign=sig-email&#038;utm_content=webmail\">www.avg.com\/email-signature?utm_medium=email&amp;utm_source=link&amp;utm_campaign=sig-email&amp;utm_content=webmail<\/a>> <#DAB4FAD8-2DD7-40BB-A1B8-4E2AA1F9FDF2><\/div>\n","protected":false},"excerpt":{"rendered":"<p>Ahora, el 96% de la localidad se encuentra conectada a la red. Para ello se construy\u00f3 una cisterna de hormig\u00f3n, una planta potabilizadora y 17 kil\u00f3metros de ca\u00f1er\u00edas. El gobernador Jorge Capitanich inaugur\u00f3 este viernes 17 kil\u00f3metros de red domiciliaria para la provisi\u00f3n de agua potable en Samuh\u00fa. La obra, que requiri\u00f3 una inversi\u00f3n de [&hellip;]<\/p>\n","protected":false},"author":1,"featured_media":25764,"comment_status":"closed","ping_status":"closed","sticky":false,"template":"","format":"standard","meta":{"footnotes":""},"categories":[6],"tags":[],"class_list":{"0":"post-25763","1":"post","2":"type-post","3":"status-publish","4":"format-standard","5":"has-post-thumbnail","7":"category-chaco"},"_links":{"self":[{"href":"https:\/\/chacosintesis.com.ar\/index.php\/wp-json\/wp\/v2\/posts\/25763","targetHints":{"allow":["GET"]}}],"collection":[{"href":"https:\/\/chacosintesis.com.ar\/index.php\/wp-json\/wp\/v2\/posts"}],"about":[{"href":"https:\/\/chacosintesis.com.ar\/index.php\/wp-json\/wp\/v2\/types\/post"}],"author":[{"embeddable":true,"href":"https:\/\/chacosintesis.com.ar\/index.php\/wp-json\/wp\/v2\/users\/1"}],"replies":[{"embeddable":true,"href":"https:\/\/chacosintesis.com.ar\/index.php\/wp-json\/wp\/v2\/comments?post=25763"}],"version-history":[{"count":0,"href":"https:\/\/chacosintesis.com.ar\/index.php\/wp-json\/wp\/v2\/posts\/25763\/revisions"}],"wp:featuredmedia":[{"embeddable":true,"href":"https:\/\/chacosintesis.com.ar\/index.php\/wp-json\/wp\/v2\/media\/25764"}],"wp:attachment":[{"href":"https:\/\/chacosintesis.com.ar\/index.php\/wp-json\/wp\/v2\/media?parent=25763"}],"wp:term":[{"taxonomy":"category","embeddable":true,"href":"https:\/\/chacosintesis.com.ar\/index.php\/wp-json\/wp\/v2\/categories?post=25763"},{"taxonomy":"post_tag","embeddable":true,"href":"https:\/\/chacosintesis.com.ar\/index.php\/wp-json\/wp\/v2\/tags?post=25763"}],"curies":[{"name":"wp","href":"https:\/\/api.w.org\/{rel}","templated":true}]}}